{"id":1124,"date":"2026-01-29T15:33:00","date_gmt":"2026-01-29T15:33:00","guid":{"rendered":"https:\/\/www.youthmed.net\/?p=1124"},"modified":"2026-04-01T15:44:31","modified_gmt":"2026-04-01T15:44:31","slug":"diritto-e-tutela-degli-ultimi-2","status":"publish","type":"post","link":"https:\/\/www.youthmed.net\/en\/diritto-e-tutela-degli-ultimi-2\/","title":{"rendered":"LAW AND PROTECTION FOR THE VULNERABLE"},"content":{"rendered":"<div data-elementor-type=\"wp-post\" data-elementor-id=\"1124\" class=\"elementor elementor-1124\">\n\t\t\t\t<div class=\"elementor-element elementor-element-92a402f e-flex e-con-boxed wpr-particle-no wpr-jarallax-no wpr-parallax-no wpr-sticky-section-no e-con e-parent\" data-id=\"92a402f\" data-element_type=\"container\" data-e-type=\"container\">\n\t\t\t\t\t<div class=\"e-con-inner\">\n\t\t\t\t<div class=\"elementor-element elementor-element-0161e98 elementor-widget elementor-widget-heading\" data-id=\"0161e98\" data-element_type=\"widget\" data-e-type=\"widget\" data-widget_type=\"heading.default\">\n\t\t\t\t<div class=\"elementor-widget-container\">\n\t\t\t\t\t<h1 class=\"elementor-heading-title elementor-size-default\">LAW AND PROTECTION FOR THE VULNERABLE<\/h1>\t\t\t\t<\/div>\n\t\t\t\t<\/div>\n\t\t\t\t<div class=\"elementor-element elementor-element-b74bb13 elementor-widget elementor-widget-heading\" data-id=\"b74bb13\" data-element_type=\"widget\" data-e-type=\"widget\" data-widget_type=\"heading.default\">\n\t\t\t\t<div class=\"elementor-widget-container\">\n\t\t\t\t\t<h2 class=\"elementor-heading-title elementor-size-default\">Intervista a Stefano Leuzzi, avvocato di strada<\/h2>\t\t\t\t<\/div>\n\t\t\t\t<\/div>\n\t\t\t\t<div class=\"elementor-element elementor-element-41d0950 elementor-widget elementor-widget-text-editor\" data-id=\"41d0950\" data-element_type=\"widget\" data-e-type=\"widget\" data-widget_type=\"text-editor.default\">\n\t\t\t\t<div class=\"elementor-widget-container\">\n\t\t\t\t\t\t\t\t\t<p>Gabriel Mileti\u00a0<\/p>\t\t\t\t\t\t\t\t<\/div>\n\t\t\t\t<\/div>\n\t\t\t\t\t<\/div>\n\t\t\t\t<\/div>\n\t\t<div class=\"elementor-element elementor-element-851ad33 e-flex e-con-boxed wpr-particle-no wpr-jarallax-no wpr-parallax-no wpr-sticky-section-no e-con e-parent\" data-id=\"851ad33\" data-element_type=\"container\" data-e-type=\"container\">\n\t\t\t\t\t<div class=\"e-con-inner\">\n\t\t<div class=\"elementor-element elementor-element-40da5ae e-con-full e-flex wpr-particle-no wpr-jarallax-no wpr-parallax-no wpr-sticky-section-no e-con e-child\" data-id=\"40da5ae\" data-element_type=\"container\" data-e-type=\"container\">\n\t\t\t\t<div class=\"elementor-element elementor-element-9a1edb4 elementor-drop-cap-yes elementor-drop-cap-view-default elementor-widget elementor-widget-text-editor\" data-id=\"9a1edb4\" data-element_type=\"widget\" data-e-type=\"widget\" data-settings=\"{&quot;drop_cap&quot;:&quot;yes&quot;}\" data-widget_type=\"text-editor.default\">\n\t\t\t\t<div class=\"elementor-widget-container\">\n\t\t\t\t\t\t\t\t\t<p>In una societ\u00e0 sempre pi\u00f9 frammentata, le fasce pi\u00f9 marginalizzate sono le prime a risentire dal grave periodo di crisi.\u00a0 La classe meno abbiente, i migranti e le persone senza fissa dimora si trovano cos\u00ec esposte alla complessit\u00e0 del sistema giuridico senza i mezzi per poterlo affrontare, finendo in un circolo vizioso che li intrappola. Il progetto \u201cAvvocato di strada\u201d \u00e8 una delle virtuose risposte a questo cortocircuito e\u00a0 proprio tramite il lavoro volontario di professionisti del diritto, dietro un muro che sembrava invalicabile si inizia a vedere una luce. Ne parliamo con l\u2019avvocato Stefano Leuzzi.<\/p>\n<p>\u00a0<\/p>\n<p data-path-to-node=\"1\"><b data-path-to-node=\"1\" data-index-in-node=\"0\">G: Oggi siamo qui insieme a Stefano Leuzzi: giurista, avvocato leccese e referente territoriale dell\u2019ODV \u201cAvvocato di Strada\u201d. Di cosa si tratta?<\/b><\/p>\n<p data-path-to-node=\"2\">S: L\u2019associazione <b data-path-to-node=\"2\" data-index-in-node=\"18\">Avvocato di Strada<\/b> \u00e8 strettamente legata ad altri enti che operano a supporto dei <b data-path-to-node=\"2\" data-index-in-node=\"100\">senza fissa dimora<\/b>. Sebbene il progetto non nasca specificamente per i <b data-path-to-node=\"2\" data-index-in-node=\"171\">migranti<\/b>, \u00e8 diventato un punto di riferimento anche per questa fascia di utenza, in un contesto di <b data-path-to-node=\"2\" data-index-in-node=\"270\">vulnerabilit\u00e0 sociale<\/b> sempre pi\u00f9 ampia. L\u2019idea di avviare un <b data-path-to-node=\"2\" data-index-in-node=\"331\">servizio legale<\/b> per i senza fissa dimora prende piede nel <b data-path-to-node=\"2\" data-index-in-node=\"389\">2001 a Bologna<\/b>, grazie all\u2019impegno di <b data-path-to-node=\"2\" data-index-in-node=\"427\">Antonio Mumolo<\/b>. L\u2019obiettivo \u00e8 offrire <b data-path-to-node=\"2\" data-index-in-node=\"465\">consulenza legale gratuita<\/b> a chi vive in condizioni di <b data-path-to-node=\"2\" data-index-in-node=\"520\">emarginazione<\/b>.<\/p>\n<p data-path-to-node=\"3\">\u00a0<\/p>\t\t\t\t\t\t\t\t<\/div>\n\t\t\t\t<\/div>\n\t\t\t\t<\/div>\n\t\t<div class=\"elementor-element elementor-element-7158bbb e-con-full e-flex wpr-particle-no wpr-jarallax-no wpr-parallax-no wpr-sticky-section-no e-con e-child\" data-id=\"7158bbb\" data-element_type=\"container\" data-e-type=\"container\">\n\t\t\t\t<div class=\"elementor-element elementor-element-0df4942 elementor-widget elementor-widget-image\" data-id=\"0df4942\" data-element_type=\"widget\" data-e-type=\"widget\" data-widget_type=\"image.default\">\n\t\t\t\t<div class=\"elementor-widget-container\">\n\t\t\t\t\t\t\t\t\t\t\t\t\t\t\t<img loading=\"lazy\" decoding=\"async\" width=\"500\" height=\"500\" src=\"https:\/\/www.youthmed.net\/wp-content\/uploads\/2026\/04\/avvocato.png\" class=\"attachment-large size-large wp-image-1125\" alt=\"\" srcset=\"https:\/\/www.youthmed.net\/wp-content\/uploads\/2026\/04\/avvocato.png 500w, https:\/\/www.youthmed.net\/wp-content\/uploads\/2026\/04\/avvocato-300x300.png 300w, https:\/\/www.youthmed.net\/wp-content\/uploads\/2026\/04\/avvocato-150x150.png 150w, https:\/\/www.youthmed.net\/wp-content\/uploads\/2026\/04\/avvocato-12x12.png 12w\" sizes=\"auto, (max-width: 500px) 100vw, 500px\" \/>\t\t\t\t\t\t\t\t\t\t\t\t\t\t\t<\/div>\n\t\t\t\t<\/div>\n\t\t\t\t<\/div>\n\t\t\t\t\t<\/div>\n\t\t\t\t<\/div>\n\t\t<div class=\"elementor-element elementor-element-6a10b80 e-flex e-con-boxed wpr-particle-no wpr-jarallax-no wpr-parallax-no wpr-sticky-section-no e-con e-parent\" data-id=\"6a10b80\" data-element_type=\"container\" data-e-type=\"container\">\n\t\t\t\t\t<div class=\"e-con-inner\">\n\t\t\t\t<div class=\"elementor-element elementor-element-5c9fda7 elementor-widget elementor-widget-text-editor\" data-id=\"5c9fda7\" data-element_type=\"widget\" data-e-type=\"widget\" data-widget_type=\"text-editor.default\">\n\t\t\t\t<div class=\"elementor-widget-container\">\n\t\t\t\t\t\t\t\t\t<p>Nel <b data-path-to-node=\"3\" data-index-in-node=\"4\">2006<\/b>, anche <b data-path-to-node=\"3\" data-index-in-node=\"16\">Lecce<\/b> ha visto nascere una sede. L\u2019attivit\u00e0 \u00e8 andata avanti per oltre quindici anni con una squadra di <b data-path-to-node=\"3\" data-index-in-node=\"119\">volontari<\/b> impegnati a garantire il <b data-path-to-node=\"3\" data-index-in-node=\"154\">diritto alla difesa<\/b> anche per chi vive ai margini della societ\u00e0. Per quanto riguarda il mio impegno personale, sono stato membro del <b data-path-to-node=\"3\" data-index-in-node=\"287\">Consiglio Direttivo Nazionale<\/b> e <b data-path-to-node=\"3\" data-index-in-node=\"319\">referente territoriale<\/b> a Lecce. Nonostante il ricambio dei ruoli, il mio impegno sul territorio \u00e8 proseguito per contribuire alla crescita di questo fondamentale servizio.<\/p>\n<p data-path-to-node=\"4\"><b data-path-to-node=\"4\" data-index-in-node=\"0\">G: Vorrei farti una domanda personale: cosa ti ha portato ad intraprendere questa professione, caratterizzata poi da un impegno cos\u00ec vicino agli ultimi della societ\u00e0? \u00e8 qualcosa che nasce gi\u00e0 dagli anni di studio? Insomma, perch\u00e9 hai scelto questa questa\u2026strada?<\/b><\/p>\n<p data-path-to-node=\"5\">S: Fin dai tempi della scuola, mi sono sempre dedicato con passione alle <b data-path-to-node=\"5\" data-index-in-node=\"73\">attivit\u00e0 politiche<\/b> in senso lato e alla <b data-path-to-node=\"5\" data-index-in-node=\"113\">rappresentanza studentesca<\/b>. All&#8217;Universit\u00e0 ho preferito concentrarmi sugli studi, laureandomi in <b data-path-to-node=\"5\" data-index-in-node=\"210\">giurisprudenza<\/b> in quattro anni e iniziando subito la pratica in <b data-path-to-node=\"5\" data-index-in-node=\"274\">diritto penale<\/b>. In quel periodo, ho iniziato a fare <b data-path-to-node=\"5\" data-index-in-node=\"326\">volontariato<\/b> con ragazzi stranieri.<\/p>\n<p data-path-to-node=\"6\">Quando ho ottenuto il titolo di <b data-path-to-node=\"6\" data-index-in-node=\"32\">avvocato nel 2005<\/b>, ho cercato un modo per unire la professione al desiderio di aiutare gli altri. Scoprii l\u2019iniziativa di <b data-path-to-node=\"6\" data-index-in-node=\"154\">Avvocato di Strada<\/b> e nel 2006 ho aperto lo sportello a Lecce. Mi resi conto che potevo fare qualcosa nel mio <b data-path-to-node=\"6\" data-index-in-node=\"263\">ambito professionale<\/b>, unendo la passione per la <b data-path-to-node=\"6\" data-index-in-node=\"311\">giustizia<\/b> con il desiderio di aiutare chi si trova ai margini. La mia motivazione \u00e8 sempre stata quella di <b data-path-to-node=\"6\" data-index-in-node=\"418\">tutelare i pi\u00f9 deboli<\/b> e fare qualcosa di concreto per chi ne ha bisogno.<\/p>\n<p data-path-to-node=\"7\"><b data-path-to-node=\"7\" data-index-in-node=\"0\">G: Qualche tempo fa abbiamo parlato delle crisi generalizzate a livello globale, che si intersecano con una certa tendenza al rifiuto del diritto e dei diritti. Potremmo anche dire che ci troviamo in una fase di anomia internazionale. A livello nazionale e locale, per\u00f2, si pu\u00f2 parlare di sgretolamento dei diritti e delle garanzie costituzionali, in particolare per i migranti e i senza fissa dimora? Insomma, secondo la tua esperienza, a che punto siamo sul diritto della persona?<\/b><\/p>\n<p data-path-to-node=\"8\">S: Il <b data-path-to-node=\"8\" data-index-in-node=\"6\">diritto dell\u2019immigrazione<\/b> in Italia \u00e8 fortemente influenzato dalla <b data-path-to-node=\"8\" data-index-in-node=\"73\">normativa europea<\/b>. Nonostante i tentativi di smantellare alcune tutele \u2013 come i <b data-path-to-node=\"8\" data-index-in-node=\"153\">decreti sicurezza<\/b> del 2018 o il <b data-path-to-node=\"8\" data-index-in-node=\"185\">Decreto Cutro<\/b> del 2023 \u2013 la nostra <b data-path-to-node=\"8\" data-index-in-node=\"220\">Costituzione<\/b> resta un punto di riferimento solido. Ci\u00f2 che rende il sistema ancora robusto \u00e8 la <b data-path-to-node=\"8\" data-index-in-node=\"316\">magistratura<\/b>, che garantisce il rispetto dei <b data-path-to-node=\"8\" data-index-in-node=\"361\">principi costituzionali<\/b> attraverso un\u2019<b data-path-to-node=\"8\" data-index-in-node=\"399\">interpretazione dinamica e correttiva<\/b>.<\/p>\n<p data-path-to-node=\"9\">Tuttavia, esiste un sentimento di <b data-path-to-node=\"9\" data-index-in-node=\"34\">incertezza<\/b>. La <b data-path-to-node=\"9\" data-index-in-node=\"49\">certezza del diritto<\/b> \u00e8 oggi pi\u00f9 aleatoria che mai a causa di molteplici interpretazioni e di un ruolo centrale, ma spesso problematico, della <b data-path-to-node=\"9\" data-index-in-node=\"191\">Pubblica Amministrazione<\/b>, dove si riscontrano <b data-path-to-node=\"9\" data-index-in-node=\"237\">disallineamenti<\/b> tra il diritto scritto e la realt\u00e0 amministrativa. Ci\u00f2 che conta \u00e8 che esistano norme a tutela delle persone, anche se la loro applicazione pratica non \u00e8 sempre lineare.<\/p>\n<p data-path-to-node=\"10\"><b data-path-to-node=\"10\" data-index-in-node=\"0\">G: Perch\u00e9 parliamo di disallineamento con la Pubblica Amministrazione?<\/b><\/p>\n<p data-path-to-node=\"11\">S: La legge fornisce indirizzi generali, ma quando la <b data-path-to-node=\"11\" data-index-in-node=\"54\">Pubblica Amministrazione<\/b> non \u00e8 allineata o manca la volont\u00e0 di applicare le norme, si creano meccanismi contorti. Credo per\u00f2 nella forza della <b data-path-to-node=\"11\" data-index-in-node=\"197\">Costituzione<\/b> e nell\u2019<b data-path-to-node=\"11\" data-index-in-node=\"217\">indipendenza della magistratura<\/b>. In Italia, a differenza degli Stati Uniti dove l&#8217;influenza politica \u00e8 forte, la <b data-path-to-node=\"11\" data-index-in-node=\"330\">separazione delle carriere<\/b> (intesa come indipendenza dal potere esecutivo) rappresenta una <b data-path-to-node=\"11\" data-index-in-node=\"421\">garanzia fondamentale<\/b> contro l&#8217;influenza politica eccessiva.<\/p>\n<p data-path-to-node=\"12\"><b data-path-to-node=\"12\" data-index-in-node=\"0\">G: A proposito di questo, a breve ci sar\u00e0 il prossimo referendum sulla separazione delle carriere; \u00e8 certamente un quesito di natura altamente tecnica e attuale. Cosa ne pensi?<\/b><\/p>\n<p data-path-to-node=\"13\">S: La <b data-path-to-node=\"13\" data-index-in-node=\"6\">separazione delle carriere<\/b> tra magistrati e pubblici ministeri pu\u00f2 essere considerata un <b data-path-to-node=\"13\" data-index-in-node=\"95\">\u201cfalso problema\u201d<\/b> dal punto di vista pratico: pochissimi magistrati cambiano funzione. Il vero rischio \u00e8 l&#8217;<b data-path-to-node=\"13\" data-index-in-node=\"201\">ingerenza della politica<\/b> nell&#8217;indipendenza della magistratura. Se questa riforma portasse allo smantellamento del <b data-path-to-node=\"13\" data-index-in-node=\"315\">CSM<\/b> o alla creazione di una <b data-path-to-node=\"13\" data-index-in-node=\"343\">Corte disciplinare di nomina politica<\/b>, la magistratura si troverebbe <b data-path-to-node=\"13\" data-index-in-node=\"412\">sotto scacco<\/b>.<\/p>\n<p data-path-to-node=\"14\">Fortunatamente, l&#8217;autonomia \u00e8 ancora tutelata dalla <b data-path-to-node=\"14\" data-index-in-node=\"52\">Corte Costituzionale<\/b>. Sul tema dell\u2019<b data-path-to-node=\"14\" data-index-in-node=\"88\">immigrazione<\/b>, i flussi non si sono mai fermati e il sistema di <b data-path-to-node=\"14\" data-index-in-node=\"151\">accoglienza<\/b> si \u00e8 sempre dovuto adattare. \u00c8 una questione complessa che richiede politiche <b data-path-to-node=\"14\" data-index-in-node=\"241\">rispettose dei diritti umani<\/b> e una <b data-path-to-node=\"14\" data-index-in-node=\"276\">visione di lungo periodo<\/b>, non soluzioni drastiche finalizzate allo smantellamento dei servizi.<\/p>\n<p data-path-to-node=\"15\"><b data-path-to-node=\"15\" data-index-in-node=\"0\">G: Volevo chiederti, alla luce di quanto detto, come mai nel settore dell\u2019immigrazione c\u2019\u00e8 ancora una netta tendenza a ricorrere a leggi speciali o dichiarazioni di emergenza? Il professore Antonio Ciniero, per esempio, sottolineava come l\u2019uso di termini come \u201cemergenza\u201d e \u201csicurezza\u201d tenda sempre a minare le garanzie costituzionali, creando uno spazio in cui \u00e8 pi\u00f9 facile, de facto, derogare a tali garanzie. Allo stesso modo, anche il professor Luigi Nuzzo parlava di come questa retorica dell\u2019emergenza venga da tempi molto lontani, con i codici d\u2019oltremare e la decretazione d\u2019urgenza per le colonie. In questo contesto, ti chiedo: quanto incide questa retorica sulla continua deroga delle garanzie costituzionali?<\/b><\/p>\n<p data-path-to-node=\"16\">S: La <b data-path-to-node=\"16\" data-index-in-node=\"6\">retorica della sicurezza<\/b> spesso dipinge il migrante secondo <b data-path-to-node=\"16\" data-index-in-node=\"66\">stereotipi negativi<\/b>. Molte persone finiscono in un <b data-path-to-node=\"16\" data-index-in-node=\"117\">emarginazione burocratica<\/b>: investono risparmi per arrivare, ma restano intrappolate in vortici amministrativi. Le politiche restrittive che mirano a complicare la <b data-path-to-node=\"16\" data-index-in-node=\"280\">protezione internazionale<\/b> finiscono per incentivare la <b data-path-to-node=\"16\" data-index-in-node=\"335\">clandestinit\u00e0<\/b> e l\u2019<b data-path-to-node=\"16\" data-index-in-node=\"353\">invisibilit\u00e0<\/b>. Questo spinge le persone verso la <b data-path-to-node=\"16\" data-index-in-node=\"401\">vulnerabilit\u00e0<\/b> e, talvolta, verso circuiti criminali, alimentando i pregiudizi. Il sistema di <b data-path-to-node=\"16\" data-index-in-node=\"494\">regolarizzazione<\/b> \u00e8 imperfetto, specialmente per l&#8217;<b data-path-to-node=\"16\" data-index-in-node=\"544\">accesso al lavoro<\/b>. L&#8217;effetto finale di queste politiche non \u00e8 la sicurezza, ma l&#8217;aumento delle problematiche sociali e giuridiche.<\/p>\n<p data-path-to-node=\"17\"><b data-path-to-node=\"17\" data-index-in-node=\"0\">G: Mi fa riflettere molto l\u2019utilizzo continuo delle misure di prevenzione cosiddette atipiche, come il DASPO urbano: sembra che il linguaggio utilizzato, negli ultimi tempi, sia quasi di stampo militare, con un approccio che non punta affatto alla regolarizzazione, ma piuttosto a trattare il problema come qualcosa da \u201celiminare\u201d ed \u201ceseguire\u201d. Questo approccio sembra pi\u00f9 incentrato sulla gestione della situazione in modo punitivo, senza cercare soluzioni a lungo termine o di integrazione, vero?<\/b><\/p>\n<p data-path-to-node=\"18\">S: Questo approccio non risolve il problema, lo <b data-path-to-node=\"18\" data-index-in-node=\"48\">rimanda<\/b> o lo porta a un punto di stallo. Respingere tutto crea un <b data-path-to-node=\"18\" data-index-in-node=\"114\">effetto a catena<\/b> di ricorsi che <b data-path-to-node=\"18\" data-index-in-node=\"146\">intasano i tribunali<\/b>, le corti d&#8217;appello e la <b data-path-to-node=\"18\" data-index-in-node=\"192\">Cassazione<\/b>. Il sistema diventa una <b data-path-to-node=\"18\" data-index-in-node=\"227\">macchina giuridica ingolfata<\/b> e inefficace.<\/p>\n<p data-path-to-node=\"19\"><b data-path-to-node=\"19\" data-index-in-node=\"0\">G: A Lecce esiste un Centro di Prossimit\u00e0, Casa Comune, che ci permette di avere un occhio privilegiato su questi temi: sia per i senza fissa dimora, che per i migranti o gli italiani stessi; mi sembra che ci sia una sorta di \u201cguerra tra gli ultimi\u201d, alimentata da una narrazione che polarizza sempre di pi\u00f9. Da un punto di vista costituzionale, quanto \u00e8 applicabile oggi l\u2019articolo 2 Cost., che garantisce i diritti e doveri inderogabili dell\u2019uomo e impone alla generalit\u00e0 dei consociati l\u2019obbligo di solidariet\u00e0 politica, economica e sociale? Quanto pu\u00f2 questo articolo incidere, o quanto la sua applicazione \u00e8 ancora distante dalla realt\u00e0 sociale?<\/b><\/p>\n<p data-path-to-node=\"20\">S: Oggi vedo una carenza del <b data-path-to-node=\"20\" data-index-in-node=\"29\">principio solidaristico<\/b>. C&#8217;\u00e8 una reazione immediata di <b data-path-to-node=\"20\" data-index-in-node=\"84\">prevaricazione<\/b> verso chi \u00e8 diverso o vive in strada. Inoltre, c&#8217;\u00e8 il problema dei <b data-path-to-node=\"20\" data-index-in-node=\"166\">disturbi psichiatrici<\/b> che i <b data-path-to-node=\"20\" data-index-in-node=\"194\">Centri di Salute Mentale<\/b> non riescono a gestire per carenze organizzative. Molte persone non sono in grado di <b data-path-to-node=\"20\" data-index-in-node=\"304\">autodeterminarsi<\/b>, ma la gente non vuole capire. Si sta sviluppando un clima di tensione verso gli <b data-path-to-node=\"20\" data-index-in-node=\"402\">ultimi<\/b>. Anche se la nostra <b data-path-to-node=\"20\" data-index-in-node=\"429\">Costituzione<\/b> ci protegge, bisogna temere quelle politiche che lasciano decisioni cruciali alla discrezionalit\u00e0 del singolo pubblico ufficiale, sperando nel suo <b data-path-to-node=\"20\" data-index-in-node=\"589\">buon cuore<\/b> ma rischiando che la situazione sfugga di mano.<\/p>\n<p data-path-to-node=\"21\"><b data-path-to-node=\"21\" data-index-in-node=\"0\">G: Ti vorrei fare un\u2019ultima domanda, questa davvero di cuore. Viviamo certamente in un momento storico-politico rilevante, in cui aumenta esponenzialmente la sfiducia crescente dei giovani in quella che sembra un\u2019emergenza generalizzata, dove sembra che nessuno voglia fare qualcosa per il prossimo. Ipotizziamo, per\u00f2, di parlare agli studenti e studentesse di oggi: che consiglio daresti, soprattutto a coloro che decidono di intraprendere un percorso come il tuo? Qual \u00e8 il messaggio da trasmettere ai futuri giuristi e politologi?<\/b><\/p>\n<p data-path-to-node=\"22\">S: Chi vuole avvicinarsi a queste materie deve prenderne <b data-path-to-node=\"22\" data-index-in-node=\"57\">consapevolezza<\/b> e studiare a fondo. Bisogna <b data-path-to-node=\"22\" data-index-in-node=\"100\">metterci il cuore<\/b>: chi ci crede davvero trova il senso della professione anche attraverso uno sguardo o una persona che ti colpisce. Per quanto riguarda l&#8217;avvocatura, \u00e8 un settore in cambiamento, ma c&#8217;\u00e8 un enorme bisogno di <b data-path-to-node=\"22\" data-index-in-node=\"324\">professionisti sul campo<\/b> che conoscano le <b data-path-to-node=\"22\" data-index-in-node=\"366\">norme<\/b>, siano responsabili e sappiano agire con <b data-path-to-node=\"22\" data-index-in-node=\"413\">operativit\u00e0<\/b>. Serve <b data-path-to-node=\"22\" data-index-in-node=\"432\">meno teoria e pi\u00f9 azione<\/b>.<\/p>\n<p data-path-to-node=\"23\"><b data-path-to-node=\"23\" data-index-in-node=\"0\">G: Grazie mille, Stefano. Per noi \u00e8 stato davvero un piacere e un onore conoscere pi\u00f9 a fondo il servizio che tu e tante altre persone portate avanti.<\/b><\/p>\n<p data-path-to-node=\"24\">S: Grazie a voi.<\/p>\t\t\t\t\t\t\t\t<\/div>\n\t\t\t\t<\/div>\n\t\t\t\t\t<\/div>\n\t\t\t\t<\/div>\n\t\t<div class=\"elementor-element elementor-element-7da48d6 e-flex e-con-boxed wpr-particle-no wpr-jarallax-no wpr-parallax-no wpr-sticky-section-no e-con e-parent\" data-id=\"7da48d6\" data-element_type=\"container\" data-e-type=\"container\">\n\t\t\t\t\t<div class=\"e-con-inner\">\n\t\t<div class=\"elementor-element elementor-element-aeaa5c7 e-con-full e-flex wpr-particle-no wpr-jarallax-no wpr-parallax-no wpr-sticky-section-no e-con e-child\" data-id=\"aeaa5c7\" data-element_type=\"container\" data-e-type=\"container\">\n\t\t\t\t<div class=\"elementor-element elementor-element-0b065d4 wpr-stt-btn-align-inline elementor-widget elementor-widget-wpr-back-to-top\" data-id=\"0b065d4\" data-element_type=\"widget\" data-e-type=\"widget\" data-widget_type=\"wpr-back-to-top.default\">\n\t\t\t\t<div class=\"elementor-widget-container\">\n\t\t\t\t\t<div class=\"wpr-stt-wrapper\"><div class='wpr-stt-btn' data-settings='{&quot;animation&quot;:&quot;fade&quot;,&quot;animationOffset&quot;:&quot;0&quot;,&quot;animationDuration&quot;:&quot;200&quot;,&quot;fixed&quot;:&quot;inline&quot;,&quot;scrolAnim&quot;:&quot;800&quot;}'><span class=\"wpr-stt-icon\"><svg class=\"e-font-icon-svg e-fas-chevron-up\" viewbox=\"0 0 448 512\" xmlns=\"http:\/\/www.w3.org\/2000\/svg\"><path d=\"M240.971 130.524l194.343 194.343c9.373 9.373 9.373 24.569 0 33.941l-22.667 22.667c-9.357 9.357-24.522 9.375-33.901.04L224 227.495 69.255 381.516c-9.379 9.335-24.544 9.317-33.901-.04l-22.667-22.667c-9.373-9.373-9.373-24.569 0-33.941L207.03 130.525c9.372-9.373 24.568-9.373 33.941-.001z\"><\/path><\/svg><\/span><\/div><\/div>\t\t\t\t<\/div>\n\t\t\t\t<\/div>\n\t\t\t\t<\/div>\n\t\t\t\t\t<\/div>\n\t\t\t\t<\/div>\n\t\t\t\t<\/div>","protected":false},"excerpt":{"rendered":"<p>In una societ\u00e0 sempre pi\u00f9 frammentata, le fasce pi\u00f9 marginalizzate sono le prime a risentire dal grave periodo di crisi.  La classe meno abbiente, i migranti e le persone senza fissa dimora si trovano cos\u00ec esposte alla complessit\u00e0 del sistema giuridico senza i mezzi per poterlo affrontare, finendo in un circolo vizioso che li intrappola. Il progetto \u201cAvvocato di strada\u201d \u00e8 una delle virtuose risposte a questo cortocircuito e  proprio tramite il lavoro volontario di professionisti del diritto, dietro un muro che sembrava invalicabile si inizia a vedere una luce. Ne parliamo con l\u2019avvocato Stefano Leuzzi.<\/p>","protected":false},"author":1,"featured_media":1125,"comment_status":"open","ping_status":"open","sticky":false,"template":"","format":"standard","meta":{"footnotes":""},"categories":[20,18],"tags":[],"class_list":["post-1124","post","type-post","status-publish","format-standard","has-post-thumbnail","hentry","category-mediterranean","category-medvoice"],"_links":{"self":[{"href":"https:\/\/www.youthmed.net\/en\/wp-json\/wp\/v2\/posts\/1124","targetHints":{"allow":["GET"]}}],"collection":[{"href":"https:\/\/www.youthmed.net\/en\/wp-json\/wp\/v2\/posts"}],"about":[{"href":"https:\/\/www.youthmed.net\/en\/wp-json\/wp\/v2\/types\/post"}],"author":[{"embeddable":true,"href":"https:\/\/www.youthmed.net\/en\/wp-json\/wp\/v2\/users\/1"}],"replies":[{"embeddable":true,"href":"https:\/\/www.youthmed.net\/en\/wp-json\/wp\/v2\/comments?post=1124"}],"version-history":[{"count":4,"href":"https:\/\/www.youthmed.net\/en\/wp-json\/wp\/v2\/posts\/1124\/revisions"}],"predecessor-version":[{"id":1129,"href":"https:\/\/www.youthmed.net\/en\/wp-json\/wp\/v2\/posts\/1124\/revisions\/1129"}],"wp:featuredmedia":[{"embeddable":true,"href":"https:\/\/www.youthmed.net\/en\/wp-json\/wp\/v2\/media\/1125"}],"wp:attachment":[{"href":"https:\/\/www.youthmed.net\/en\/wp-json\/wp\/v2\/media?parent=1124"}],"wp:term":[{"taxonomy":"category","embeddable":true,"href":"https:\/\/www.youthmed.net\/en\/wp-json\/wp\/v2\/categories?post=1124"},{"taxonomy":"post_tag","embeddable":true,"href":"https:\/\/www.youthmed.net\/en\/wp-json\/wp\/v2\/tags?post=1124"}],"curies":[{"name":"wp","href":"https:\/\/api.w.org\/{rel}","templated":true}]}}