{"id":1118,"date":"2026-01-02T15:25:00","date_gmt":"2026-01-02T15:25:00","guid":{"rendered":"https:\/\/www.youthmed.net\/?p=1118"},"modified":"2026-04-01T15:29:48","modified_gmt":"2026-04-01T15:29:48","slug":"la-guerra-degli-ulivi","status":"publish","type":"post","link":"https:\/\/www.youthmed.net\/en\/la-guerra-degli-ulivi\/","title":{"rendered":"LA GUERRA DEGLI ULIVI"},"content":{"rendered":"<div data-elementor-type=\"wp-post\" data-elementor-id=\"1118\" class=\"elementor elementor-1118\">\n\t\t\t\t<div class=\"elementor-element elementor-element-92a402f e-flex e-con-boxed wpr-particle-no wpr-jarallax-no wpr-parallax-no wpr-sticky-section-no e-con e-parent\" data-id=\"92a402f\" data-element_type=\"container\" data-e-type=\"container\">\n\t\t\t\t\t<div class=\"e-con-inner\">\n\t\t\t\t<div class=\"elementor-element elementor-element-0161e98 elementor-widget elementor-widget-heading\" data-id=\"0161e98\" data-element_type=\"widget\" data-e-type=\"widget\" data-widget_type=\"heading.default\">\n\t\t\t\t<div class=\"elementor-widget-container\">\n\t\t\t\t\t<h1 class=\"elementor-heading-title elementor-size-default\">LA GUERRA DEGLI ULIVI <\/h1>\t\t\t\t<\/div>\n\t\t\t\t<\/div>\n\t\t\t\t<div class=\"elementor-element elementor-element-b74bb13 elementor-widget elementor-widget-heading\" data-id=\"b74bb13\" data-element_type=\"widget\" data-e-type=\"widget\" data-widget_type=\"heading.default\">\n\t\t\t\t<div class=\"elementor-widget-container\">\n\t\t\t\t\t<h2 class=\"elementor-heading-title elementor-size-default\">Palestina e Salento: riconoscersi tra genealogie colpite e una mediterraneita\u2019 (r)esistente<\/h2>\t\t\t\t<\/div>\n\t\t\t\t<\/div>\n\t\t\t\t<div class=\"elementor-element elementor-element-41d0950 elementor-widget elementor-widget-text-editor\" data-id=\"41d0950\" data-element_type=\"widget\" data-e-type=\"widget\" data-widget_type=\"text-editor.default\">\n\t\t\t\t<div class=\"elementor-widget-container\">\n\t\t\t\t\t\t\t\t\t<p>Mattia Esposito\u00a0<\/p>\t\t\t\t\t\t\t\t<\/div>\n\t\t\t\t<\/div>\n\t\t\t\t\t<\/div>\n\t\t\t\t<\/div>\n\t\t<div class=\"elementor-element elementor-element-851ad33 e-flex e-con-boxed wpr-particle-no wpr-jarallax-no wpr-parallax-no wpr-sticky-section-no e-con e-parent\" data-id=\"851ad33\" data-element_type=\"container\" data-e-type=\"container\">\n\t\t\t\t\t<div class=\"e-con-inner\">\n\t\t<div class=\"elementor-element elementor-element-40da5ae e-con-full e-flex wpr-particle-no wpr-jarallax-no wpr-parallax-no wpr-sticky-section-no e-con e-child\" data-id=\"40da5ae\" data-element_type=\"container\" data-e-type=\"container\">\n\t\t\t\t<div class=\"elementor-element elementor-element-9a1edb4 elementor-drop-cap-yes elementor-drop-cap-view-default elementor-widget elementor-widget-text-editor\" data-id=\"9a1edb4\" data-element_type=\"widget\" data-e-type=\"widget\" data-settings=\"{&quot;drop_cap&quot;:&quot;yes&quot;}\" data-widget_type=\"text-editor.default\">\n\t\t\t\t<div class=\"elementor-widget-container\">\n\t\t\t\t\t\t\t\t\t<p data-path-to-node=\"1\">Nei giorni in cui <b data-path-to-node=\"1\" data-index-in-node=\"18\">Handala<\/b> e <b data-path-to-node=\"1\" data-index-in-node=\"28\">Conscience<\/b> \u2013 le imbarcazioni di <b data-path-to-node=\"1\" data-index-in-node=\"60\">Freedom Flotilla<\/b> che la scorsa estate hanno tentato, come molte altre, di rompere l\u2019<b data-path-to-node=\"1\" data-index-in-node=\"144\">assedio israeliano<\/b> sulla <b data-path-to-node=\"1\" data-index-in-node=\"169\">Striscia di Gaza<\/b> \u2013 sostavano nei porti di <b data-path-to-node=\"1\" data-index-in-node=\"211\">Gallipoli<\/b> e <b data-path-to-node=\"1\" data-index-in-node=\"223\">Otranto<\/b> in attesa di salpare, tra le persone accorse a salutare gli equipaggi \u00e8 maturata una consapevolezza semplice e, allo stesso tempo, fortissima: ci\u00f2 che stava per attraversare il <b data-path-to-node=\"1\" data-index-in-node=\"408\">Mediterraneo<\/b> non era soltanto un gesto di <b data-path-to-node=\"1\" data-index-in-node=\"450\">solidariet\u00e0<\/b>, ma il segno di una prossimit\u00e0 pi\u00f9 profonda.<\/p><p data-path-to-node=\"2\"><b data-path-to-node=\"2\" data-index-in-node=\"0\">Salento<\/b> e <b data-path-to-node=\"2\" data-index-in-node=\"10\">Palestina<\/b>, pur nelle evidenti differenze di contesto, conoscono entrambe la pressione di <b data-path-to-node=\"2\" data-index-in-node=\"99\">logiche di dominio<\/b> che tentano di recidere il legame organico tra una <b data-path-to-node=\"2\" data-index-in-node=\"169\">terra<\/b> e la sua gente. E in entrambe le geografie, sono gli <b data-path-to-node=\"2\" data-index-in-node=\"228\">ulivi<\/b> a farsi bersaglio di una violenza insieme materiale e simbolica.<\/p><p data-path-to-node=\"3\"><b data-path-to-node=\"3\" data-index-in-node=\"0\">Geosimbolo<\/b> per eccellenza della <b data-path-to-node=\"3\" data-index-in-node=\"32\">mediterraneit\u00e0<\/b> \u2013 quello spazio mentale pi\u00f9 che fisico in cui popoli diversi si riconoscono parte di una stessa trama \u2013 l\u2019ulivo raccoglie in s\u00e9 le anime, le pratiche e le memorie che si affacciano sul <b data-path-to-node=\"3\" data-index-in-node=\"232\">Mare Nostrum<\/b>, cristallizzando una <b data-path-to-node=\"3\" data-index-in-node=\"266\">spiritualit\u00e0 arcaica<\/b> che solo le culture della regione sanno ancora interpretare e tramandare. Pi\u00f9 che un albero, \u00e8 una figura del e nel tempo; \u00e8 <b data-path-to-node=\"3\" data-index-in-node=\"412\">longevit\u00e0 ostinata<\/b>, <b data-path-to-node=\"3\" data-index-in-node=\"432\">radicamento<\/b>, continuit\u00e0 tra generazioni. Un modo di abitare il mondo fondato sull\u2019intreccio indissolubile tra <b data-path-to-node=\"3\" data-index-in-node=\"542\">luogo<\/b>, <b data-path-to-node=\"3\" data-index-in-node=\"549\">corpo<\/b> e <b data-path-to-node=\"3\" data-index-in-node=\"557\">comunit\u00e0<\/b>.<\/p>\t\t\t\t\t\t\t\t<\/div>\n\t\t\t\t<\/div>\n\t\t\t\t<\/div>\n\t\t<div class=\"elementor-element elementor-element-7158bbb e-con-full e-flex wpr-particle-no wpr-jarallax-no wpr-parallax-no wpr-sticky-section-no e-con e-child\" data-id=\"7158bbb\" data-element_type=\"container\" data-e-type=\"container\">\n\t\t\t\t<div class=\"elementor-element elementor-element-0df4942 elementor-widget elementor-widget-image\" data-id=\"0df4942\" data-element_type=\"widget\" data-e-type=\"widget\" data-widget_type=\"image.default\">\n\t\t\t\t<div class=\"elementor-widget-container\">\n\t\t\t\t\t\t\t\t\t\t\t\t\t\t\t<img loading=\"lazy\" decoding=\"async\" width=\"500\" height=\"500\" src=\"https:\/\/www.youthmed.net\/wp-content\/uploads\/2026\/04\/ULIVO.png\" class=\"attachment-large size-large wp-image-1119\" alt=\"\" srcset=\"https:\/\/www.youthmed.net\/wp-content\/uploads\/2026\/04\/ULIVO.png 500w, https:\/\/www.youthmed.net\/wp-content\/uploads\/2026\/04\/ULIVO-300x300.png 300w, https:\/\/www.youthmed.net\/wp-content\/uploads\/2026\/04\/ULIVO-150x150.png 150w, https:\/\/www.youthmed.net\/wp-content\/uploads\/2026\/04\/ULIVO-12x12.png 12w\" sizes=\"auto, (max-width: 500px) 100vw, 500px\" \/>\t\t\t\t\t\t\t\t\t\t\t\t\t\t\t<\/div>\n\t\t\t\t<\/div>\n\t\t\t\t<\/div>\n\t\t\t\t\t<\/div>\n\t\t\t\t<\/div>\n\t\t<div class=\"elementor-element elementor-element-6a10b80 e-flex e-con-boxed wpr-particle-no wpr-jarallax-no wpr-parallax-no wpr-sticky-section-no e-con e-parent\" data-id=\"6a10b80\" data-element_type=\"container\" data-e-type=\"container\">\n\t\t\t\t\t<div class=\"e-con-inner\">\n\t\t\t\t<div class=\"elementor-element elementor-element-5c9fda7 elementor-widget elementor-widget-text-editor\" data-id=\"5c9fda7\" data-element_type=\"widget\" data-e-type=\"widget\" data-widget_type=\"text-editor.default\">\n\t\t\t\t<div class=\"elementor-widget-container\">\n\t\t\t\t\t\t\t\t\t<p data-path-to-node=\"4\">Ed \u00e8 proprio questa sua <b data-path-to-node=\"4\" data-index-in-node=\"24\">centralit\u00e0 simbolica<\/b>, sociale e politica a trasformarlo in un <b data-path-to-node=\"4\" data-index-in-node=\"86\">presidio da abbattere<\/b> per chi mira a negare il <b data-path-to-node=\"4\" data-index-in-node=\"133\">diritto alla terra<\/b>. Ogni ulivo sradicato, bruciato o confiscato contiene un frammento di <b data-path-to-node=\"4\" data-index-in-node=\"222\">genealogia interrotta<\/b>, una discendenza fatta di mani, di gesti e di stagioni. E porta con s\u00e9 anche un tratto di futuro, perch\u00e9 \u00e8 intorno all\u2019ulivo che i popoli mediterranei modellano nel tempo i propri orizzonti.<\/p><p data-path-to-node=\"5\">Per i palestinesi, la <b data-path-to-node=\"5\" data-index-in-node=\"22\">raccolta delle olive<\/b> \u2013 <b data-path-to-node=\"5\" data-index-in-node=\"45\">mawsim al-zaytoun<\/b> \u2013 \u00e8 un <b data-path-to-node=\"5\" data-index-in-node=\"70\">rito collettivo<\/b> con cui rinnovare la promessa di unione con la <b data-path-to-node=\"5\" data-index-in-node=\"133\">casa ancestrale<\/b>. Ogni anno, a settembre, le prime piogge inumidiscono gli alberi e il suolo, portando con s\u00e9 le <b data-path-to-node=\"5\" data-index-in-node=\"245\">benedizioni<\/b> (<b data-path-to-node=\"5\" data-index-in-node=\"258\">barakeh<\/b>) per la stagione a venire \u2013 e in questi mesi si spera ne siano cadute pi\u00f9 del solito. Intanto le famiglie riunite nei propri appezzamenti sistemano attrezzi e reti in vista di ottobre, quando il lavoro entra nel vivo.<\/p><p data-path-to-node=\"6\">Ma l\u2019ulivo, oltre a incarnare la <b data-path-to-node=\"6\" data-index-in-node=\"33\">resilienza<\/b> \u2013 <b data-path-to-node=\"6\" data-index-in-node=\"46\">sumud<\/b> \u2013 del popolo palestinese, \u00e8 anche un <b data-path-to-node=\"6\" data-index-in-node=\"89\">pilastro economico<\/b>: secondo le <b data-path-to-node=\"6\" data-index-in-node=\"120\">Nazioni Unite<\/b>, il <b data-path-to-node=\"6\" data-index-in-node=\"138\">48% delle terre agricole<\/b> in <b data-path-to-node=\"6\" data-index-in-node=\"166\">Cisgiordania<\/b> e a <b data-path-to-node=\"6\" data-index-in-node=\"183\">Gaza<\/b> \u00e8 coltivato a ulivo; questi alberi generano il <b data-path-to-node=\"6\" data-index-in-node=\"235\">70% della produzione nazionale di frutta<\/b> e pesano per circa il <b data-path-to-node=\"6\" data-index-in-node=\"298\">14% dell\u2019intera economia<\/b>. Colpirli significa dunque ferire non solo l\u2019<b data-path-to-node=\"6\" data-index-in-node=\"368\">identit\u00e0<\/b> dei palestinesi, ma la loro stessa possibilit\u00e0 di abitare la terra in modo <b data-path-to-node=\"6\" data-index-in-node=\"452\">sostenibile<\/b>.<\/p><p data-path-to-node=\"7\">Dal <b data-path-to-node=\"7\" data-index-in-node=\"4\">1967<\/b> a oggi, le stime sugli <b data-path-to-node=\"7\" data-index-in-node=\"32\">sradicamenti di ulivi<\/b> in Palestina oscillano tra le <b data-path-to-node=\"7\" data-index-in-node=\"84\">800.000<\/b> e il <b data-path-to-node=\"7\" data-index-in-node=\"97\">milione<\/b> di unit\u00e0. Secondo <b data-path-to-node=\"7\" data-index-in-node=\"123\">Fayyad Fayyad<\/b>, presidente del <b data-path-to-node=\"7\" data-index-in-node=\"153\">Consiglio Oleicolo Palestinese<\/b>, tra il 2010 e il settembre 2025 sono stati distrutti oltre <b data-path-to-node=\"7\" data-index-in-node=\"244\">250.000 alberi<\/b>: una violenza crescente che, dopo il <b data-path-to-node=\"7\" data-index-in-node=\"296\">7 ottobre 2023<\/b>, ha conosciuto un\u2019<b data-path-to-node=\"7\" data-index-in-node=\"329\">escalation<\/b> di attacchi addirittura quadruplicata negli ultimi dodici mesi.<\/p><p data-path-to-node=\"8\">Accanto agli alberi, per\u00f2, sono gli stessi <b data-path-to-node=\"8\" data-index-in-node=\"43\">agricoltori<\/b> a essere esposti: centinaia non riescono a raggiungere le proprie terre nell\u2019<b data-path-to-node=\"8\" data-index-in-node=\"132\">Area C<\/b> definita da <b data-path-to-node=\"8\" data-index-in-node=\"151\">Oslo<\/b>; e, quando vi arrivano, trovano ad attenderli il fuoco dei gruppi di <b data-path-to-node=\"8\" data-index-in-node=\"225\">coloni<\/b> \u2013 gli <b data-path-to-node=\"8\" data-index-in-node=\"238\">Hilltop Youth<\/b> fra tutti \u2013 determinati a forzare l\u2019<b data-path-to-node=\"8\" data-index-in-node=\"288\">annessione totale<\/b> della Cisgiordania. Un processo che a ottobre dell\u2019anno appena trascorso ha ottenuto una prima approvazione dalla <b data-path-to-node=\"8\" data-index-in-node=\"420\">Knesset<\/b>, proprio nel pieno delle trattative per il <b data-path-to-node=\"8\" data-index-in-node=\"471\">cessate il fuoco<\/b> pi\u00f9 disatteso di sempre, gettando l\u2019esecutivo di <b data-path-to-node=\"8\" data-index-in-node=\"537\">Benjamin Netanyahu<\/b> in un evidente imbarazzo diplomatico.<\/p><p data-path-to-node=\"9\">L\u2019<b data-path-to-node=\"9\" data-index-in-node=\"2\">OCHA<\/b> ha registrato come l\u2019ultima stagione olivicola sia stata la pi\u00f9 <b data-path-to-node=\"9\" data-index-in-node=\"71\">violenta dal 2006<\/b>, contando pi\u00f9 di <b data-path-to-node=\"9\" data-index-in-node=\"106\">140 feriti<\/b>. E mentre in <b data-path-to-node=\"9\" data-index-in-node=\"130\">West Bank<\/b> la <b data-path-to-node=\"9\" data-index-in-node=\"143\">resistenza<\/b> prova a tenere in vita un\u2019economia gi\u00e0 stremata, a Gaza gli ulivi sono diventati anch\u2019essi vittime del <b data-path-to-node=\"9\" data-index-in-node=\"257\">genocidio<\/b>: sopravvivono poco pi\u00f9 di <b data-path-to-node=\"9\" data-index-in-node=\"293\">200 ettari coltivabili<\/b>, un\u2019oasi fragile e insufficiente a sostenere ci\u00f2 che resta della popolazione.<\/p><p data-path-to-node=\"10\">Questi dati non possono essere letti come semplici effetti collaterali di un contesto bellico: nella loro portata <b data-path-to-node=\"10\" data-index-in-node=\"114\">sistemica<\/b>, svelano inevitabilmente l\u2019orientamento intrapreso dalla <b data-path-to-node=\"10\" data-index-in-node=\"181\">sovranit\u00e0 contemporanea<\/b>. Una sovranit\u00e0 che fa ampio uso di strumenti capaci di fondere la grammatica del <b data-path-to-node=\"10\" data-index-in-node=\"286\">colonialismo<\/b> con le <b data-path-to-node=\"10\" data-index-in-node=\"306\">necropolitiche<\/b>, in un intreccio di controllo, rimodellamento e pianificazione degli spazi che consente di esercitare ampio potere sulle <b data-path-to-node=\"10\" data-index-in-node=\"442\">biologie<\/b>.<\/p><p data-path-to-node=\"11\">Non a caso <b data-path-to-node=\"11\" data-index-in-node=\"11\">Achille Mbembe<\/b> indica nelle pratiche israeliane nei territori occupati l\u2019esempio pi\u00f9 nitido del funzionamento dell\u2019<b data-path-to-node=\"11\" data-index-in-node=\"126\">autorit\u00e0 coloniale<\/b> nella <b data-path-to-node=\"11\" data-index-in-node=\"151\">tarda modernit\u00e0<\/b>: lo spazio colonizzato diventa il riflesso del <b data-path-to-node=\"11\" data-index-in-node=\"214\">\u201cpotere di morte\u201d<\/b> esercitato dal dominatore, un laboratorio in cui si stabilisce chi pu\u00f2 continuare a vivere e chi deve essere progressivamente svuotato. <b data-path-to-node=\"11\" data-index-in-node=\"368\">Espropriazioni<\/b>, <b data-path-to-node=\"11\" data-index-in-node=\"384\">privazioni<\/b> e <b data-path-to-node=\"11\" data-index-in-node=\"397\">dispositivi di controllo<\/b> compongono un\u2019<b data-path-to-node=\"11\" data-index-in-node=\"436\">architettura<\/b> che restringe, distorce e disciplina il territorio. Violenza materiale e simbolica scorrono cos\u00ec parallele, trasformando la <b data-path-to-node=\"11\" data-index-in-node=\"573\">geografia<\/b> in un ambiente sempre pi\u00f9 <b data-path-to-node=\"11\" data-index-in-node=\"609\">inabitabile<\/b> e incrinando i legami che permettono a una comunit\u00e0 di riconoscersi nel proprio luogo. <b data-path-to-node=\"11\" data-index-in-node=\"708\">Eyal Weizman<\/b> parla, a tal proposito, di <b data-path-to-node=\"11\" data-index-in-node=\"748\">\u201cpolitica della verticalit\u00e0\u201d<\/b>, mostrando come l\u2019<b data-path-to-node=\"11\" data-index-in-node=\"795\">occupazione<\/b> non sia soltanto sottrazione, ma riorganizzazione disciplinata e rigida della forma stessa dello spazio.<\/p><p data-path-to-node=\"12\">Quest\u2019idea di un <b data-path-to-node=\"12\" data-index-in-node=\"17\">territorio<\/b> costantemente riscritto dall\u2019esterno, pur assumendo altrove forme infinitamente pi\u00f9 traumatiche, rende evidenti dinamiche analoghe di <b data-path-to-node=\"12\" data-index-in-node=\"162\">controllo<\/b> e di <b data-path-to-node=\"12\" data-index-in-node=\"177\">dislocazione<\/b> che operano, pi\u00f9 silenziose ma comunque incisive, anche in contesti ritenuti non problematici. \u00c8 in tale prospettiva che il <b data-path-to-node=\"12\" data-index-in-node=\"314\">Salento<\/b> \u2013 dove sono nato, vivo e probabilmente morir\u00f2 \u2013 sta subendo una trasformazione che riprogetta la terra senza tener conto di chi la abita, impedendo perfino la possibilit\u00e0 di negoziarne il senso. Una logica che non prende la forma dell\u2019occupazione militare, ma quella di un <b data-path-to-node=\"12\" data-index-in-node=\"595\">esproprio simbolico e infrastrutturale<\/b>; una riscrittura del paesaggio che nasconde la sua natura coercitiva sotto il linguaggio apparentemente neutro dello <b data-path-to-node=\"12\" data-index-in-node=\"751\">\u201csviluppo\u201d<\/b>. Del resto, anche qui \u00e8 stata dichiarata una <b data-path-to-node=\"12\" data-index-in-node=\"807\">guerra agli ulivi<\/b>.<\/p><p data-path-to-node=\"13\">Per realizzare la <b data-path-to-node=\"13\" data-index-in-node=\"18\">Trans Adriatic Pipeline<\/b> \u2013 il <b data-path-to-node=\"13\" data-index-in-node=\"47\">gasdotto<\/b> che dall\u2019<b data-path-to-node=\"13\" data-index-in-node=\"65\">Azerbaijan<\/b> approda sulla costa salentina \u2013 un intero tratto di <b data-path-to-node=\"13\" data-index-in-node=\"128\">macchia mediterranea<\/b> \u00e8 stato cancellato, mentre le proteste venivano silenziate tra processi, denunce e arresti. Oltre <b data-path-to-node=\"13\" data-index-in-node=\"247\">duemila<\/b> gli ulivi ritenuti d\u2019intralcio a questo progetto mastodontico, uno schiaffo alla <b data-path-to-node=\"13\" data-index-in-node=\"336\">coscienza ambientale<\/b> del territorio. Tra <b data-path-to-node=\"13\" data-index-in-node=\"377\">reimpianti programmati<\/b> e <b data-path-to-node=\"13\" data-index-in-node=\"402\">\u201cmesse in tutela\u201d<\/b>, restano comunque centinaia gli alberi definitivamente perduti, sradicati perch\u00e9 marchiati dalla <b data-path-to-node=\"13\" data-index-in-node=\"517\">Xylella<\/b>.<\/p><p data-path-to-node=\"14\">La <b data-path-to-node=\"14\" data-index-in-node=\"3\">Puglia<\/b> \u00e8 la regione con la pi\u00f9 ampia superficie olivetata d\u2019Italia e detiene, da sola, il primato della <b data-path-to-node=\"14\" data-index-in-node=\"107\">produzione nazionale di olio d\u2019oliva<\/b>. Eppure, gi\u00e0 nei primi anni Duemila affioravano i sintomi del <b data-path-to-node=\"14\" data-index-in-node=\"206\">disseccamento<\/b>, esplosi dal 2014 soprattutto nel Salento occidentale.<\/p><p data-path-to-node=\"15\">Nella ricerca delle cause, l\u2019attenzione \u00e8 stata concentrata, appunto, sul batterio <b data-path-to-node=\"15\" data-index-in-node=\"83\">Xylella fastidiosa<\/b>, organismo da quarantena percepito come minaccia per le altre colture. L\u2019<b data-path-to-node=\"15\" data-index-in-node=\"175\">eradicazione<\/b> \u00e8 quindi divenuta il fulcro delle politiche istituzionali, sebbene in molti casi il batterio non fosse neppure rilevato nelle piante destinate allo sradicamento. Le discrepanze tra quanto indicava la <b data-path-to-node=\"15\" data-index-in-node=\"388\">ricerca<\/b> \u2013 <b data-path-to-node=\"15\" data-index-in-node=\"398\">concause del disseccamento<\/b>, incertezza diagnostica, <b data-path-to-node=\"15\" data-index-in-node=\"450\">pratiche alternative di cura<\/b> \u2013 e quanto imposto dall\u2019alto si sono tradotte in un vero e proprio <b data-path-to-node=\"15\" data-index-in-node=\"546\">piano di sterminio vegetale<\/b>.<\/p><p data-path-to-node=\"16\">In questo <b data-path-to-node=\"16\" data-index-in-node=\"10\">vuoto programmato<\/b> si sta lentamente dissolvendo l\u2019<b data-path-to-node=\"16\" data-index-in-node=\"60\">economia locale<\/b> a trazione familiare, da sempre estranea ai circuiti del <b data-path-to-node=\"16\" data-index-in-node=\"133\">mercato globale<\/b>. La progressiva <b data-path-to-node=\"16\" data-index-in-node=\"165\">svalutazione fondiaria<\/b> ha cos\u00ec favorito l\u2019<b data-path-to-node=\"16\" data-index-in-node=\"207\">abbandono delle campagne<\/b> e la <b data-path-to-node=\"16\" data-index-in-node=\"237\">svendita dei terreni<\/b>, innescando una <b data-path-to-node=\"16\" data-index-in-node=\"274\">concentrazione della propriet\u00e0<\/b> a beneficio di chi dispone del <b data-path-to-node=\"16\" data-index-in-node=\"336\">capitale<\/b> necessario a riconfigurare superfici fragili in <b data-path-to-node=\"16\" data-index-in-node=\"393\">impianti superintensivi<\/b>, calibrati sulla massimizzazione di <b data-path-to-node=\"16\" data-index-in-node=\"453\">produttivit\u00e0<\/b>, <b data-path-to-node=\"16\" data-index-in-node=\"467\">competitivit\u00e0<\/b> e <b data-path-to-node=\"16\" data-index-in-node=\"483\">profitto<\/b>.<\/p><p data-path-to-node=\"17\">\u00c8 una sensazione strana quella che mi investe quando percorro una strada di campagna: come se <b data-path-to-node=\"17\" data-index-in-node=\"94\">appartenenza<\/b> e <b data-path-to-node=\"17\" data-index-in-node=\"109\">memoria<\/b> tentassero un ultimo atto di <b data-path-to-node=\"17\" data-index-in-node=\"146\">resistenza<\/b> contro l\u2019<b data-path-to-node=\"17\" data-index-in-node=\"166\">assuefazione<\/b>, rifiutando di lasciarsi addomesticare dall\u2019abitudine che vorrebbe normalizzare le carcasse un tempo rigogliose, <b data-path-to-node=\"17\" data-index-in-node=\"292\">vuoti desolanti<\/b> dove prima c\u2019era vita. \u00c8 un tentativo disperato di non cedere alla <b data-path-to-node=\"17\" data-index-in-node=\"375\">dissonanza cognitiva<\/b> che trasforma questa terra in scenario patinato da vendere a chi arriva, mentre il suo cuore vero \u00e8 gi\u00e0 ridotto in cenere.<\/p><p data-path-to-node=\"18\">Ecco perch\u00e9, in quelle giornate estive a Gallipoli e Otranto, il messaggio andava ben oltre la <b data-path-to-node=\"18\" data-index-in-node=\"95\">beneficenza<\/b>. Era la voce di un\u2019<b data-path-to-node=\"18\" data-index-in-node=\"126\">anima mediterranea<\/b> in pericolo che parlava a un\u2019altra, quella pi\u00f9 martoriata. Un eccesso quasi prodigioso di <b data-path-to-node=\"18\" data-index-in-node=\"235\">mediterraneit\u00e0<\/b>: un riconoscersi nelle <b data-path-to-node=\"18\" data-index-in-node=\"273\">tragedie<\/b>, nelle sfide, nelle forme di <b data-path-to-node=\"18\" data-index-in-node=\"311\">resistenza<\/b>. Se l\u2019ulivo incarna l\u2019<b data-path-to-node=\"18\" data-index-in-node=\"344\">identit\u00e0<\/b> dei popoli del Mediterraneo, la loro <b data-path-to-node=\"18\" data-index-in-node=\"390\">tenacia<\/b>, la loro continuit\u00e0 tra passato e futuro, allora quei giorni \u2013 le barche, le traversate, le spedizioni \u2013 sono stati la saldatura di due orizzonti. Non reinterpretavano il mare: lo restituivano al suo senso pi\u00f9 profondo, lo rendevano davvero <b data-path-to-node=\"18\" data-index-in-node=\"639\">nostrum<\/b>.<\/p><p data-path-to-node=\"19\">Non pi\u00f9 spazio dominato dalla <b data-path-to-node=\"19\" data-index-in-node=\"30\">competizione economica<\/b>, dalle <b data-path-to-node=\"19\" data-index-in-node=\"60\">infrastrutture estrattive<\/b>, dagli <b data-path-to-node=\"19\" data-index-in-node=\"93\">ecomostri<\/b>, dal passaggio di <b data-path-to-node=\"19\" data-index-in-node=\"121\">armi<\/b> e <b data-path-to-node=\"19\" data-index-in-node=\"128\">capitali<\/b> che alimentano la distruzione di intere comunit\u00e0, ma <b data-path-to-node=\"19\" data-index-in-node=\"190\">ponte tra le genti<\/b>. Specchio dei loro desideri di <b data-path-to-node=\"19\" data-index-in-node=\"240\">connessione<\/b> e di <b data-path-to-node=\"19\" data-index-in-node=\"257\">dialogo<\/b>. Non un luogo di <b data-path-to-node=\"19\" data-index-in-node=\"282\">sovranit\u00e0 verticali<\/b>, ma imprescindibile <b data-path-to-node=\"19\" data-index-in-node=\"322\">minimo comune denominatore<\/b>.<\/p>\t\t\t\t\t\t\t\t<\/div>\n\t\t\t\t<\/div>\n\t\t\t\t\t<\/div>\n\t\t\t\t<\/div>\n\t\t<div class=\"elementor-element elementor-element-7da48d6 e-flex e-con-boxed wpr-particle-no wpr-jarallax-no wpr-parallax-no wpr-sticky-section-no e-con e-parent\" data-id=\"7da48d6\" data-element_type=\"container\" data-e-type=\"container\">\n\t\t\t\t\t<div class=\"e-con-inner\">\n\t\t<div class=\"elementor-element elementor-element-aeaa5c7 e-con-full e-flex wpr-particle-no wpr-jarallax-no wpr-parallax-no wpr-sticky-section-no e-con e-child\" data-id=\"aeaa5c7\" data-element_type=\"container\" data-e-type=\"container\">\n\t\t\t\t<div class=\"elementor-element elementor-element-0b065d4 wpr-stt-btn-align-inline elementor-widget elementor-widget-wpr-back-to-top\" data-id=\"0b065d4\" data-element_type=\"widget\" data-e-type=\"widget\" data-widget_type=\"wpr-back-to-top.default\">\n\t\t\t\t<div class=\"elementor-widget-container\">\n\t\t\t\t\t<div class=\"wpr-stt-wrapper\"><div class='wpr-stt-btn' data-settings='{&quot;animation&quot;:&quot;fade&quot;,&quot;animationOffset&quot;:&quot;0&quot;,&quot;animationDuration&quot;:&quot;200&quot;,&quot;fixed&quot;:&quot;inline&quot;,&quot;scrolAnim&quot;:&quot;800&quot;}'><span class=\"wpr-stt-icon\"><svg class=\"e-font-icon-svg e-fas-chevron-up\" viewbox=\"0 0 448 512\" xmlns=\"http:\/\/www.w3.org\/2000\/svg\"><path d=\"M240.971 130.524l194.343 194.343c9.373 9.373 9.373 24.569 0 33.941l-22.667 22.667c-9.357 9.357-24.522 9.375-33.901.04L224 227.495 69.255 381.516c-9.379 9.335-24.544 9.317-33.901-.04l-22.667-22.667c-9.373-9.373-9.373-24.569 0-33.941L207.03 130.525c9.372-9.373 24.568-9.373 33.941-.001z\"><\/path><\/svg><\/span><\/div><\/div>\t\t\t\t<\/div>\n\t\t\t\t<\/div>\n\t\t\t\t<\/div>\n\t\t\t\t\t<\/div>\n\t\t\t\t<\/div>\n\t\t\t\t<\/div>","protected":false},"excerpt":{"rendered":"<p>Nei giorni in cui Handala e Conscience \u2013 le imbarcazioni di Freedom Flotilla che la scorsa estate hanno tentato, come molte altre, di rompere l\u2019assedio israeliano sulla Striscia di Gaza \u2013 sostavano nei porti di Gallipoli e Otranto in attesa di salpare, tra le persone accorse a salutare gli equipaggi \u00e8 maturata una consapevolezza semplice e, allo stesso tempo, fortissima: ci\u00f2 che stava per attraversare il Mediterraneo non era soltanto un gesto di solidariet\u00e0, ma il segno di una prossimit\u00e0 pi\u00f9 profonda.<br \/>\nSalento e Palestina, pur nelle evidenti differenze di contesto, conoscono entrambe la pressione di logiche di dominio che tentano di recidere il legame organico tra una terra e la sua gente. E in entrambe le geografie, sono gli ulivi a farsi bersaglio di una violenza insieme materiale e simbolica.<\/p>","protected":false},"author":1,"featured_media":1119,"comment_status":"open","ping_status":"open","sticky":false,"template":"","format":"standard","meta":{"footnotes":""},"categories":[20,18],"tags":[],"class_list":["post-1118","post","type-post","status-publish","format-standard","has-post-thumbnail","hentry","category-mediterranean","category-medvoice"],"_links":{"self":[{"href":"https:\/\/www.youthmed.net\/en\/wp-json\/wp\/v2\/posts\/1118","targetHints":{"allow":["GET"]}}],"collection":[{"href":"https:\/\/www.youthmed.net\/en\/wp-json\/wp\/v2\/posts"}],"about":[{"href":"https:\/\/www.youthmed.net\/en\/wp-json\/wp\/v2\/types\/post"}],"author":[{"embeddable":true,"href":"https:\/\/www.youthmed.net\/en\/wp-json\/wp\/v2\/users\/1"}],"replies":[{"embeddable":true,"href":"https:\/\/www.youthmed.net\/en\/wp-json\/wp\/v2\/comments?post=1118"}],"version-history":[{"count":4,"href":"https:\/\/www.youthmed.net\/en\/wp-json\/wp\/v2\/posts\/1118\/revisions"}],"predecessor-version":[{"id":1123,"href":"https:\/\/www.youthmed.net\/en\/wp-json\/wp\/v2\/posts\/1118\/revisions\/1123"}],"wp:featuredmedia":[{"embeddable":true,"href":"https:\/\/www.youthmed.net\/en\/wp-json\/wp\/v2\/media\/1119"}],"wp:attachment":[{"href":"https:\/\/www.youthmed.net\/en\/wp-json\/wp\/v2\/media?parent=1118"}],"wp:term":[{"taxonomy":"category","embeddable":true,"href":"https:\/\/www.youthmed.net\/en\/wp-json\/wp\/v2\/categories?post=1118"},{"taxonomy":"post_tag","embeddable":true,"href":"https:\/\/www.youthmed.net\/en\/wp-json\/wp\/v2\/tags?post=1118"}],"curies":[{"name":"wp","href":"https:\/\/api.w.org\/{rel}","templated":true}]}}