{"id":1105,"date":"2026-01-02T14:46:00","date_gmt":"2026-01-02T14:46:00","guid":{"rendered":"https:\/\/www.youthmed.net\/?p=1105"},"modified":"2026-04-01T15:00:50","modified_gmt":"2026-04-01T15:00:50","slug":"il-caso-mohamed-shahin","status":"publish","type":"post","link":"https:\/\/www.youthmed.net\/en\/il-caso-mohamed-shahin\/","title":{"rendered":"IL CASO MOHAMED SHAHIN"},"content":{"rendered":"\t\t<div data-elementor-type=\"wp-post\" data-elementor-id=\"1105\" class=\"elementor elementor-1105\">\n\t\t\t\t<div class=\"elementor-element elementor-element-92a402f e-flex e-con-boxed wpr-particle-no wpr-jarallax-no wpr-parallax-no wpr-sticky-section-no e-con e-parent\" data-id=\"92a402f\" data-element_type=\"container\" data-e-type=\"container\">\n\t\t\t\t\t<div class=\"e-con-inner\">\n\t\t\t\t<div class=\"elementor-element elementor-element-0161e98 elementor-widget elementor-widget-heading\" data-id=\"0161e98\" data-element_type=\"widget\" data-e-type=\"widget\" data-widget_type=\"heading.default\">\n\t\t\t\t<div class=\"elementor-widget-container\">\n\t\t\t\t\t<h1 class=\"elementor-heading-title elementor-size-default\">IL CASO MOHAMED SHAHIN<\/h1>\t\t\t\t<\/div>\n\t\t\t\t<\/div>\n\t\t\t\t<div class=\"elementor-element elementor-element-b74bb13 elementor-widget elementor-widget-heading\" data-id=\"b74bb13\" data-element_type=\"widget\" data-e-type=\"widget\" data-widget_type=\"heading.default\">\n\t\t\t\t<div class=\"elementor-widget-container\">\n\t\t\t\t\t<h2 class=\"elementor-heading-title elementor-size-default\">L' importanza di una solidariet\u00e0 mediterranea<\/h2>\t\t\t\t<\/div>\n\t\t\t\t<\/div>\n\t\t\t\t\t<\/div>\n\t\t\t\t<\/div>\n\t\t<div class=\"elementor-element elementor-element-851ad33 e-flex e-con-boxed wpr-particle-no wpr-jarallax-no wpr-parallax-no wpr-sticky-section-no e-con e-parent\" data-id=\"851ad33\" data-element_type=\"container\" data-e-type=\"container\">\n\t\t\t\t\t<div class=\"e-con-inner\">\n\t\t<div class=\"elementor-element elementor-element-40da5ae e-con-full e-flex wpr-particle-no wpr-jarallax-no wpr-parallax-no wpr-sticky-section-no e-con e-child\" data-id=\"40da5ae\" data-element_type=\"container\" data-e-type=\"container\">\n\t\t\t\t<div class=\"elementor-element elementor-element-9a1edb4 elementor-drop-cap-yes elementor-drop-cap-view-default elementor-widget elementor-widget-text-editor\" data-id=\"9a1edb4\" data-element_type=\"widget\" data-e-type=\"widget\" data-settings=\"{&quot;drop_cap&quot;:&quot;yes&quot;}\" data-widget_type=\"text-editor.default\">\n\t\t\t\t<div class=\"elementor-widget-container\">\n\t\t\t\t\t\t\t\t\t<p>Una <b data-path-to-node=\"0\" data-index-in-node=\"4\">petizione<\/b> di circa 20.000 firme e una raccolta fondi, un appello di docenti, ricercatori e ricercatrici universitari\/e con 446 partecipazioni nel momento in cui sto scrivendo. Manifestazioni di solidariet\u00e0 partite da Torino e poi sparse in tutta Italia raggiungendo l\u2019Europa, presidi, sit-in. La presa di parola del Monsignore Derio Olivero, vescovo di Pinerolo, del Consiglio della Federazione delle Chiese Evangeliche, della Rete del dialogo cristiano islamico di Torino, della Chiesa Valdese, di Amnesty International Italia, di membri della Sumud Flottilla e della stessa Francesca Albanese. L\u2019interesse di testate giornalistiche nazionali e internazionali, tra le quali Middle East Eye e Al Jazeera, nonch\u00e9 di movimenti sparsi in tutto il mondo, non ultimi quelli a Parigi, Londra, Argentina e nella striscia di Gaza. Difficilmente il <b data-path-to-node=\"0\" data-index-in-node=\"844\">Ministero dell\u2019Interno<\/b>, nel momento in cui ha emesso il <b data-path-to-node=\"0\" data-index-in-node=\"900\">decreto di espulsione<\/b> e disposto il trattenimento di <b data-path-to-node=\"0\" data-index-in-node=\"953\">Mohamed Shahin<\/b>, <b data-path-to-node=\"0\" data-index-in-node=\"969\">imam<\/b> della moschea di via Saluzzo, a <b data-path-to-node=\"0\" data-index-in-node=\"1006\">Torino<\/b>, poteva immaginare una risposta simile.<\/p><p>\u00a0<\/p>\t\t\t\t\t\t\t\t<\/div>\n\t\t\t\t<\/div>\n\t\t\t\t<\/div>\n\t\t<div class=\"elementor-element elementor-element-7158bbb e-con-full e-flex wpr-particle-no wpr-jarallax-no wpr-parallax-no wpr-sticky-section-no e-con e-child\" data-id=\"7158bbb\" data-element_type=\"container\" data-e-type=\"container\">\n\t\t\t\t<div class=\"elementor-element elementor-element-0df4942 elementor-widget elementor-widget-image\" data-id=\"0df4942\" data-element_type=\"widget\" data-e-type=\"widget\" data-widget_type=\"image.default\">\n\t\t\t\t<div class=\"elementor-widget-container\">\n\t\t\t\t\t\t\t\t\t\t\t\t\t\t\t<img loading=\"lazy\" decoding=\"async\" loading=\"lazy\" width=\"500\" height=\"500\" src=\"https:\/\/www.youthmed.net\/wp-content\/uploads\/2026\/04\/ilcaso.png\" class=\"attachment-large size-large wp-image-1106\" alt=\"\" srcset=\"https:\/\/www.youthmed.net\/wp-content\/uploads\/2026\/04\/ilcaso.png 500w, https:\/\/www.youthmed.net\/wp-content\/uploads\/2026\/04\/ilcaso-300x300.png 300w, https:\/\/www.youthmed.net\/wp-content\/uploads\/2026\/04\/ilcaso-150x150.png 150w, https:\/\/www.youthmed.net\/wp-content\/uploads\/2026\/04\/ilcaso-12x12.png 12w\" sizes=\"auto, (max-width: 500px) 100vw, 500px\" \/>\t\t\t\t\t\t\t\t\t\t\t\t\t\t\t<\/div>\n\t\t\t\t<\/div>\n\t\t\t\t<\/div>\n\t\t\t\t\t<\/div>\n\t\t\t\t<\/div>\n\t\t<div class=\"elementor-element elementor-element-6a10b80 e-flex e-con-boxed wpr-particle-no wpr-jarallax-no wpr-parallax-no wpr-sticky-section-no e-con e-parent\" data-id=\"6a10b80\" data-element_type=\"container\" data-e-type=\"container\">\n\t\t\t\t\t<div class=\"e-con-inner\">\n\t\t\t\t<div class=\"elementor-element elementor-element-5c9fda7 elementor-widget elementor-widget-text-editor\" data-id=\"5c9fda7\" data-element_type=\"widget\" data-e-type=\"widget\" data-widget_type=\"text-editor.default\">\n\t\t\t\t<div class=\"elementor-widget-container\">\n\t\t\t\t\t\t\t\t\t<p data-path-to-node=\"1\">Nella citt\u00e0 piemontese infatti, come reazione agli attacchi di Israele verso la Striscia di Gaza e la Cisgiordania, ormai da 2 anni i movimenti che gi\u00e0 si occupavano di Palestina sono convogliati insieme a molte altre realt\u00e0 cittadine e ai numerosissimi volti nuovi che hanno preso posizione condannando il genocidio in diretta sui nostri schermi. Il movimento, chiamato <b data-path-to-node=\"1\" data-index-in-node=\"371\">Torino x Gaza<\/b>, rappresenta quella fetta assai nutrita della <b data-path-to-node=\"1\" data-index-in-node=\"431\">societ\u00e0 civile<\/b> che ha voluto conoscersi e riconoscersi, rispondere coordinandosi e dialogando tra le diverse componenti sociali. Student*, docenti, sanitar*, psicolog*, sindacati, semplici cittadini che hanno deciso di dare vita a un coordinamento a partire dalla manifestazione del 2 dicembre 2023. Tra queste persone, un contributo fondamentale arrivava e arriva dalle moschee torinesi e dai numerosissimi fedeli musulmani che hanno confluito nel coordinamento. <b data-path-to-node=\"1\" data-index-in-node=\"895\">Mohamed Mahmoud Ebrahim Shahin<\/b>, imam della moschea Al Omar Ibn Al Khattab di Torino, \u00e8 residente in Italia da oltre vent\u2019anni, da quando ha deciso di emigrare dall\u2019<b data-path-to-node=\"1\" data-index-in-node=\"1059\">Egitto<\/b>, suo Paese di origine nel quale aveva partecipato alle proteste contro il governo. Shahin \u00e8 stato, fino a due settimane fa, titolare di un <b data-path-to-node=\"1\" data-index-in-node=\"1205\">permesso di soggiorno<\/b> di lungo periodo, il quale, precisiamo, \u00e8 rilasciato soltanto a cittadini stranieri residenti e lavoratori, quindi contribuenti, in Italia da molto tempo. Si \u00e8 da sempre distinto per l\u2019impegno nel <b data-path-to-node=\"1\" data-index-in-node=\"1424\">dialogo inter-religioso<\/b>, ancor pi\u00f9 nel quartiere in cui si trova la moschea di via Saluzzo, San Salvario, simbolo da sempre di multiculturalit\u00e0. Quest\u2019ultima \u00e8 infatti diventata un luogo accessibile e di confronto, ospitando iniziative aperte anche ai non-musulmani. Tra le molte attivit\u00e0 di cui \u00e8 stato promotore, la traduzione della <b data-path-to-node=\"1\" data-index-in-node=\"1759\">Costituzione italiana<\/b> in arabo e la sua distribuzione gratuita. Negli ultimi anni, l\u2019imam aveva partecipato in prima persona alle manifestazioni in sostegno al <b data-path-to-node=\"1\" data-index-in-node=\"1919\">popolo palestinese<\/b>, prendendo parola e portando il suo contributo all\u2019organizzazione delle iniziative. \u00c8 in questo clima, dunque, che la mattina del <b data-path-to-node=\"1\" data-index-in-node=\"2068\">24 novembre<\/b>, Mohamed Shahin \u00e8 stato fermato dalle forze dell\u2019ordine poco dopo aver accompagnato a scuola i figli minorenni. <b data-path-to-node=\"1\" data-index-in-node=\"2192\">Brahim Baya<\/b>, portavoce della moschea Taiba di Torino e dell\u2019Associazione Islamica delle Alpi, in una diretta Instagram, ha ricostruito gli eventi affermando che, una volta condotto in Questura dagli agenti, Shahin ha visto <b data-path-to-node=\"1\" data-index-in-node=\"2415\">revocato<\/b> il suo permesso di soggiorno di lunga durata. In quest\u2019occasione, gli \u00e8 inoltre stato notificato un decreto di espulsione dall\u2019Italia ed \u00e8 stato accompagnato in Tribunale, dove il giudice ha convalidato l\u2019iter con decreto del Ministero dell\u2019Interno e dove \u00e8 stato raggiunto dal suo legale, l\u2019avvocato Gianluca Vitale, il quale ha formalizzato una richiesta di <b data-path-to-node=\"1\" data-index-in-node=\"2784\">protezione internazionale<\/b>. Si ritiene, infatti, che rientrare in Egitto possa configurare seri rischi di incolumit\u00e0 per Shahin, essendosi espresso a pi\u00f9 riprese contrario al regime di <b data-path-to-node=\"1\" data-index-in-node=\"2968\">Al Sisi<\/b>. Da questo momento, ha affermato Baya, non si sono pi\u00f9 avute notizie dell\u2019imam e persino la famiglia e gli avvocati si sono trovati all\u2019oscuro a proposito di dove si trovasse. Durante la conferenza stampa organizzata il 25 novembre, alla quale insieme ai movimenti sociali di solidariet\u00e0 ha partecipato il pool di legali che segue il caso, le notizie di Shahin erano ancora inesistenti, fino a quando non \u00e8 arrivata la comunicazione della sua presenza nel <b data-path-to-node=\"1\" data-index-in-node=\"3432\">cpr<\/b> (<b data-path-to-node=\"1\" data-index-in-node=\"3437\">Centro di Permanenza per i Rimpatri<\/b>) di <b data-path-to-node=\"1\" data-index-in-node=\"3477\">Caltanissetta<\/b>, in Sicilia. Sulla decisione di \u201cdeportare\u201d, come molti hanno definito questa scelta profondamente politica, Shahin nel cpr all\u2019altro capo della penisola, anzich\u00e9 in quello di Torino (citt\u00e0 dove sono presenti i familiari e i difensori), le considerazioni da fare sono molteplici. Innanzitutto, la strategia \u00e8 evidentemente quella di allontanare la persona oggetto della misura repressiva dagli occhi delle persone a lui pi\u00f9 vicine, dalle reti sociali in cui Shahin si era cos\u00ec ben inserito nei 20 anni di residenza in Italia. In merito al cpr che \u00e8 preso qua in considerazione, inoltre, la Rete Siciliana contro il Confinamento si \u00e8 gi\u00e0 espressa a pi\u00f9 riprese a proposito dei gravi episodi verificatisi in questa sede, trasmettendo testimonianze raccolte che riportano atti di <b data-path-to-node=\"1\" data-index-in-node=\"4268\">autolesionismo<\/b>, tentativi di suicidio e scioperi della fame a causa delle condizioni in cui i reclusi si trovano a vivere quotidianamente. La gravit\u00e0 \u00e8 accentuata dal fatto che il sistema di reclusione nei cpr vede in tutta Italia (e, come si vorrebbe, adesso anche in Albania) una <b data-path-to-node=\"1\" data-index-in-node=\"4550\">sospensione dei diritti<\/b> della persona, un\u2019assenza di prospettive data dalla durata indefinita della detenzione e circostanze che inducono condizioni psicofisiche gravissime alla maggior parte delle persone recluse. Motivazioni che spingono, quest\u2019ultime, a gesti estremi (la vicenda di <b data-path-to-node=\"1\" data-index-in-node=\"4836\">Moussa Balde<\/b>, il 23enne morto suicida nel cpr di Torino nel 2021 \u00e8 infatti solo una delle tragedie che sono arrivate ai nostri occhi, consumatesi in questi luoghi di detenzione).<\/p><p data-path-to-node=\"2\">Tornando alla vicenda, il decreto di espulsione emesso dal Ministero dell\u2019Interno italiano e notificato a Shahin \u00e8 stato giustificato \u201cper motivi di <b data-path-to-node=\"2\" data-index-in-node=\"149\">ordine pubblico<\/b> e di <b data-path-to-node=\"2\" data-index-in-node=\"170\">sicurezza per lo stato<\/b>\u201d, ai sensi dell\u2019articolo 13, comma 1, del Testo unico sull\u2019immigrazione. Quest\u2019ultimo, infatti, prevede la possibilit\u00e0 di espellere cittadini stranieri nell\u2019eventualit\u00e0 che questi presentino un profilo di pericolosit\u00e0 sociale o costituiscano una minaccia per la sicurezza nazionale. Shahin \u00e8 quindi accusato di essere \u201cpericoloso\u201d, ma i motivi che ne validano la volont\u00e0 di espulsione sono generici e non precisati. Si parla di un \u201c<b data-path-to-node=\"2\" data-index-in-node=\"625\">percorso di radicalizzazione religiosa<\/b>\u201d, di \u201cuna ideologia fondamentalista di chiara matrice <b data-path-to-node=\"2\" data-index-in-node=\"718\">antisemita<\/b>\u201d e del suo ruolo di rilievo \u201cin ambienti dell\u2019<b data-path-to-node=\"2\" data-index-in-node=\"775\">islam radicale<\/b>\u201d. Come per\u00f2 hanno gi\u00e0 messo in luce prima di me il giurista <b data-path-to-node=\"2\" data-index-in-node=\"850\">Livio Pepino<\/b> e la giornalista Annalisa Camilli su Internazionale, di ci\u00f2 non \u00e8 fornito alcun serio riscontro. In prima battuta, perch\u00e9 il provvedimento contesta a Shahin di avere incontrato due persone successivamente coinvolte in percorsi di radicalizzazione, sebbene questi incontri siano avvenuti ben prima della suddetta \u201cestremizzazione\u201d dei due (ossia rispettivamente nel 2012 e nel 2018) ed esclusivamente nella veste di leader religioso della propria comunit\u00e0. Nessun coinvolgimento, infatti, ha visto incrociare le strade dei due radicalizzati (Gabriele Ibrahim Delnev e Elmahdi Halili) con le attivit\u00e0 dell\u2019imam, ma questi contatti sporadici sono stati ritenuti sufficienti dal ministero per decretarne l\u2019espulsione. In seconda battuta, viene contestato che l\u2019imam abbia partecipato a un blocco stradale durante una manifestazione a sostegno della Palestina, in un clima nazionale di crescente <b data-path-to-node=\"2\" data-index-in-node=\"1754\">criminalizzazione delle proteste<\/b>, e di aver affermato, durante una protesta, che \u201cquanto successo il 7 ottobre\u201d in Israele \u00e8 un atto \u201cdi <b data-path-to-node=\"2\" data-index-in-node=\"1891\">resistenza<\/b>\u201d. Peccato che, dopo la protesta pro-Palestina del 9 ottobre nella quale l\u2019imam si era cos\u00ec espresso, la <b data-path-to-node=\"2\" data-index-in-node=\"2006\">procura<\/b> aveva gi\u00e0 <b data-path-to-node=\"2\" data-index-in-node=\"2024\">archiviato<\/b> l\u2019indagine dal momento che i pm non avevano trovato elementi sufficienti a ipotizzare una violazione del codice penale, e quindi gli estremi di reato, n\u00e9 un\u2019istigazione a delinquere. Eppure, la deputata Augusta Montaruli, Fratelli d\u2019Italia, ha chiesto e ottenuto l\u2019espulsione partendo da queste frasi, gi\u00e0 archiviate lo scorso 16 ottobre con il fascicolo originato da una segnalazione della Digos. Sulla base di ci\u00f2, il deputato di AVS Marco Grimaldi ha accusato alla Camera il Ministro dell\u2019Interno Piantedosi di aver citato un procedimento mai esistito per espellere Shahin e di \u201caver mentito\u201d o di \u201cnon aver fatto istruttoria\u201d. Da un punto di vista giudiziario, dunque, la Procura di Torino non aveva riconosciuto nessun pericolo in questa persona, dal momento che sul fascicolo di archiviazione del caso veniva scritto a chiare lettere che la frase pronunciata da Shahin rappresentava un\u2019 \u201cespressione di pensiero che non integra estremi di reato\u201d. Dall\u2019altra parte, per\u00f2, il <b data-path-to-node=\"2\" data-index-in-node=\"3015\">potere esecutivo<\/b>, nella persona del Ministro dell\u2019Interno (in questa circostanza) ha deciso di far raggiungere questa persona da un decreto di espulsione. \u00c8 per questi motivi che la giornalista <b data-path-to-node=\"2\" data-index-in-node=\"3209\">Annalisa Camilli<\/b> afferma che quanto avvenuto \u201c\u00e8 abbastanza emblematico dei tempi in cui viviamo, in cui l\u2019autorit\u00e0 politica ed esecutiva decide in base ad una discrezionalit\u00e0 assoluta della pericolosit\u00e0 di una persona non tenendo conto della pregressa pronuncia dell\u2019autorit\u00e0 giudiziaria\u201d, configurandosi come \u201cun grave attacco dell\u2019<b data-path-to-node=\"2\" data-index-in-node=\"3542\">articolo 21<\/b> della Costituzione che prevede la <b data-path-to-node=\"2\" data-index-in-node=\"3588\">libert\u00e0 di espressione<\/b> nel nostro Paese\u201d. Come afferma l\u2019associazione <b data-path-to-node=\"2\" data-index-in-node=\"3658\">A Buon Diritto<\/b>, che dal 2001 si occupa di portare assistenza qualificata nei casi di diritti negati e discriminazioni, nella vicenda di cui ci interessiamo a preoccupare \u00e8 \u201cl\u2019utilizzo dello strumento del decreto d\u2019espulsione e del trattenimento in cpr, una procedura amministrativa che non prevede le garanzie di difesa del procedimento penale. L\u2019applicazione di tale misura altamente restrittiva si basa peraltro su un sospetto riguardante una condotta che non configura una fattispecie penalmente rilevante e su alcune dichiarazioni poi rettificate\u201d.<\/p><p data-path-to-node=\"3\">La Corte d\u2019Appello ha confermato la permanenza nel cpr e la commissione territoriale siciliana ha rigettato la domanda di protezione internazionale, sebbene Shahin stesso abbia dichiarato che l\u2019Egitto rappresenta al momento un Paese in cui l\u2019uomo non potrebbe tornare in sicurezza (del resto la storia di <b data-path-to-node=\"3\" data-index-in-node=\"305\">Giulio Regeni<\/b> e <b data-path-to-node=\"3\" data-index-in-node=\"321\">Patrick Zaki<\/b> qualcosa avrebbe dovuto insegnarci\u2026). In data 4 dicembre, i legali di Shahin hanno affermato di adoperarsi per portare avanti un ricorso in Cassazione per la limitazione della libert\u00e0 personale (trattenimento in cpr), un ricorso al Tribunale di Caltanissetta contro il rigetto della domanda di protezione internazionale, un altro al Tar del Lazio per la sospensione urgente della richiesta di espulsione, insieme a un\u2019istanza di riesame presso la Corte d\u2019Appello di Torino per il fascicolo in merito al blocco stradale e per quanto emerso sull\u2019archiviazione delle dichiarazioni del 9 ottobre. L\u2019appuntamento rimane al 14 gennaio 2026, data dell\u2019udienza fissata in merito alla carta di soggiorno, come ultimo passaggio di una serie di azioni alle quali i legali si stanno gi\u00e0 dedicando. Rimane altres\u00ec necessario chiarire che, se la procedura di espulsione dovesse essere confermata, tutti i ricorsi decadrebbero in quanto di valenza inferiore a tale provvedimento. E cos\u00ec, gi\u00e0 dal giorno successivo al trattenimento, a Torino \u00e8 stato organizzato un raduno per condannare quanto accaduto e chiedere la liberazione di Shahin nel clima di collaborazione e <b data-path-to-node=\"3\" data-index-in-node=\"1487\">solidariet\u00e0<\/b> che la rete sociale cittadina ha attivato gi\u00e0 da 2 anni a questa parte e che vede la partecipazione diretta di numerose frange della societ\u00e0 civile. Al presidio in questione, inoltre, hanno presenziato anche esponenti del Movimento 5 Stelle, di Alleanza Verdi Sinistra e del Partito Democratico. Da questo momento in poi, la solidariet\u00e0 \u00e8 diventata un\u2019onda che \u00e8 arrivata da una molteplicit\u00e0 di attori e movimenti sociali: Torino, Milano, Venezia, Palermo, Caltanissetta, Cagliari, Pavia, Bologna, Ferrara, Genova e Firenze sono solo alcune delle citt\u00e0 nelle quali sono state organizzate iniziative per esprimere solidariet\u00e0 all\u2019imam, mentre il coordinamento di Torino x Gaza continua a lavorare a stretto contatto con l\u2019<b data-path-to-node=\"3\" data-index-in-node=\"2220\">Associazione dei Palestinesi d\u2019Italia<\/b>, la rete di <b data-path-to-node=\"3\" data-index-in-node=\"2270\">Giovani Palestinesi<\/b> e il <b data-path-to-node=\"3\" data-index-in-node=\"2295\">Global Movement to Gaza<\/b>. Il 25 novembre, nella Giornata contro la violenza sulle donne, il corteo di <b data-path-to-node=\"3\" data-index-in-node=\"2396\">Non Una Di Meno<\/b> a Torino ha preso posizione nei confronti dell\u2019imam, scandendo lo slogan \u201cfree Shahin, nobody deported for supporting Palestine\u201d. Il 26 novembre \u00e8 stato organizzato un evento di \u201cPresa di Parola per Shahin\u201d nella moschea in cui l\u2019imam professava il suo credo e guidava la comunit\u00e0, al quale la partecipazione \u00e8 stata massiccia e commovente. Una fiaccolata ha sfilato per le strade di Torino il 27 novembre e il 29 novembre, in occasione della Giornata internazionale in solidariet\u00e0 al popolo palestinese, lo striscione \u201clibert\u00e0 per Shahin\u201d capeggiava il numeroso corteo a Milano. E poi, il 15 dicembre, la notizia, che scoppia fragorosa: <b data-path-to-node=\"3\" data-index-in-node=\"3050\">Mohamed Shahin \u00e8 libero<\/b>, pu\u00f2 tornare a Torino. Lui e i suoi avvocati hanno vinto il ricorso contro il trattenimento, la <b data-path-to-node=\"3\" data-index-in-node=\"3170\">Corte d\u2019Appello<\/b> ha accolto le argomentazioni dei legali e ha disposto l\u2019immediata uscita dal cpr. L\u2019imam \u00e8 libero come <b data-path-to-node=\"3\" data-index-in-node=\"3289\">richiedente asilo<\/b>. Come afferma su Instagram il coordinamento creatosi intorno al suo caso, la Corte ha potuto finalmente valutare in sede processuale e il procedimento penale richiamato nel decreto ministeriale di espulsione \u00e8 stato archiviato. Come abbiamo gi\u00e0 detto: le dichiarazioni dell\u2019imam non integrano gli estremi di reato. La condotta dell\u2019imputato non si \u00e8 mai connotata come violenta e il suo impegno sociale nella collettivit\u00e0 \u00e8 stato riconosciuto a pi\u00f9 riprese. Si dichiara che non \u00e8 possibile in alcun caso fondare alcuna valutazione di pericolosit\u00e0 sociale nei suoi confronti e non sussistono elementi che possono far parlare di rischio per la sicurezza per lo Stato o per l\u2019ordine pubblico. Non esiste niente di simile ai cosiddetti <b data-path-to-node=\"3\" data-index-in-node=\"4039\">atti secretati<\/b> che alcuni politici adducevano in dibattiti televisivi senza contraddittori, ma piuttosto in campo era il semplice segreto investigativo, che per\u00f2 non ha portato alla luce nessun nuovo elemento rispetto a quanto gi\u00e0 archiviato in precedenza. Il coordinamento ringrazia tutte le persone che si sono espresse sulla questione portando il proprio contributo in solidariet\u00e0 a Shahin \u201cper difendere la <b data-path-to-node=\"3\" data-index-in-node=\"4450\">libert\u00e0 di espressione<\/b> e i <b data-path-to-node=\"3\" data-index-in-node=\"4477\">diritti fondamentali<\/b> di un uomo ingiustamente recluso \u2013 tanto pi\u00f9 in un cpr che \u00e8 ingiusto per sua natura \u2013 in un Paese che si definisce democratico\u201d. Ma ci mette allo stesso tempo bene in guardia: \u201cOggi ha vinto la solidariet\u00e0 [\u2026] Ha vinto la verit\u00e0. Ma questa \u00e8 solo una prima vittoria. Il procedimento di espulsione \u00e8 ancora formalmente in vigore ed \u00e8 oggetto di ulteriori ricorsi legali che dovremo affrontare. Per questo oggi festeggiamo, ma non abbassiamo la guardia\u201d. Ancora una volta, Brahim Baya prende parola sul tema: \u201cIl Tribunale ha messo nero su bianco ci\u00f2 che diciamo da settimane: non c\u2019era alcuna pericolosit\u00e0, nessuna giustificazione per privarlo della libert\u00e0 [\u2026] Il trattenimento nel cpr \u00e8 stato dichiarato <b data-path-to-node=\"3\" data-index-in-node=\"5204\">illegittimo<\/b>. Questa \u00e8 una vittoria giuridica, ma prima ancora \u00e8 una vittoria umana. Una vittoria della solidariet\u00e0, della mobilitazione, della coscienza collettiva.\u201d L\u2019attenzione sulla vicenda, per\u00f2, deve rimanere salda, ancor pi\u00f9 dopo questi sviluppi. Nel mentre, Piantedosi fa ricorso in Cassazione per la decisione del Tribunale di Torino di accettare il ricorso contro il trattenimento in cpr e contro la decisione del Tribunale di Caltanissetta di accettare il ricorso per la sospensiva, che di fatto permette di stare in Italia legalmente durante l\u2019attesa dell\u2019udienza del ricorso per la domanda di asilo. Ma la risposta \u00e8 chiara: il tribunale di Caltanissetta rigetta l\u2019appello del Ministero. Dunque, anche se il Tar Lazio, sotto pressione del governo, aveva accolto l\u2019appello del ministro per l\u2019espulsione, il Tribunale di Caltanissetta conferma che Shahin non pu\u00f2 essere espulso in quanto richiedente asilo e in attesa di ricorso per la domanda di asilo con sospensiva. La prossima udienza si svolger\u00e0 il 9 gennaio. Una volta ricostruite le vicende degli scorsi giorni e ancora adesso in evoluzione, quello che rimane da fare \u00e8 una considerazione pi\u00f9 ampia su quello che \u00e8 il clima politico nazionale attuale e dove si colloca l\u2019Italia, con questo episodio. Non \u00e8 opinione personale, ma piuttosto il frutto di numerosi lavori di giuristi, la considerazione che i recenti <b data-path-to-node=\"3\" data-index-in-node=\"6584\">Decreti Sicurezza<\/b> (e, in ultima battuta, il decreto-legge 11 aprile 2025, n. 48, convertito nella legge 9 giugno 2025, n. 80) abbiano sempre pi\u00f9 offerto una rilettura del diritto come orientato alla <b data-path-to-node=\"3\" data-index-in-node=\"6783\">neutralizzazione del conflitto sociale<\/b> e alla <b data-path-to-node=\"3\" data-index-in-node=\"6829\">criminalizzazione<\/b> di condotte di protesta collettiva. Attraverso questi strumenti, che nel caso del suddetto decreto configura ben 11 nuovi reati e 11 nuove circostanze aggravanti, il tema rimane quello della <b data-path-to-node=\"3\" data-index-in-node=\"7038\">sicurezza<\/b> come retorica cardine dell\u2019azione del governo. Per giustificare il procedimento di espulsione emesso contro Shahin, come abbiamo detto, sono stati utilizzati fatti la cui inconsistenza \u201crappresenta un caso allarmante di <b data-path-to-node=\"3\" data-index-in-node=\"7268\">strumentalizzazione del diritto<\/b> in chiave repressiva e di repressione del dissenso pacifico per mezzo della normativa in materia di sicurezza nazionale\u201d, afferma l\u2019associazione A Buon Diritto. Siamo cos\u00ec di fronte a un precedente estremamente preoccupante, quale l\u2019utilizzo di strumenti amministrativi per colpire l\u2019esercizio della libert\u00e0 di opinione. Perch\u00e9 questa rimane la domanda cardine della vicenda: ci troviamo davanti a una misura di sicurezza, cos\u00ec come prevedrebbe il suddetto art. 13, comma 1, del Testo unico sull\u2019immigrazione? O piuttosto a una <b data-path-to-node=\"3\" data-index-in-node=\"7828\">misura punitiva<\/b>? Il sistema stesso dei cpr mostra un disegno pi\u00f9 ampio in cui nessuna vicenda giudiziaria \u00e8 isolata, ma \u00e8, piuttosto, tassello di un sistema penale e amministrativo che punisce e respinge. Una \u201cgiustizia\u201d, scrive MeltingPot, che agisce per <b data-path-to-node=\"3\" data-index-in-node=\"8084\">esclusione<\/b>, non per inclusione. Nato come misura eccezionale e temporanea, il cpr, e il trattenimento della persona migrante al suo interno al fine del respingimento, si \u00e8 trasformato in quello che \u00e8 stato definito un dispositivo strutturale sempre pi\u00f9 normalizzato dai decreti legge che si sono susseguiti negli anni. Il tempo di trattenimento ricalca un modello di repressione amministrativa che non migliora l\u2019efficacia espulsiva, ma aumenta il carico di sofferenza, l\u2019isolamento e l\u2019abbandono. Nel caso di Shahin, del resto, la richiesta di <b data-path-to-node=\"3\" data-index-in-node=\"8629\">protezione internazionale<\/b> che ha presentato a seguito della revoca del permesso di soggiorno \u00e8 stata rigettata come risposta a un procedimento di esame fortemente accelerato. Su questa ha pesato la classificazione dell\u2019Egitto come \u201c<b data-path-to-node=\"3\" data-index-in-node=\"8861\">Paese di origine sicuro<\/b>\u201d, senza riservare la giusta attenzione ai rischi in cui l\u2019imam incorrerebbe qualora fosse espulso verso il Paese di cui sopra. L\u2019articolo 19 comma 1 del Testo unico sull\u2019immigrazione stabilisce il <b data-path-to-node=\"3\" data-index-in-node=\"9082\">divieto di espulsione<\/b> verso uno Stato in cui lo straniero possa essere oggetto di persecuzione per motivi di razza, sesso, lingua, cittadinanza, religione, di opinioni politiche, di condizioni personali e sociali, sottolineando la necessit\u00e0 di una valutazione caso per caso, a seconda della situazione individuale della persona. Al centro \u00e8 il <b data-path-to-node=\"3\" data-index-in-node=\"9426\">diritto di protesta<\/b> e la partecipazione a particolari movimenti sociali, quali quelli che hanno riempito le piazze negli scorsi mesi esprimendo solidariet\u00e0 nei confronti del popolo palestinese. In seguito alla proposta del senatore Gasparri in merito al disegno di legge (S. 1627) \u201cDisposizioni per il contrasto all\u2019<b data-path-to-node=\"3\" data-index-in-node=\"9742\">antisemitismo<\/b> e per l\u2019adozione della definizione operativa di antisemitismo\u201d e mentre l\u2019area riformista del Partito Democratico presenta un nuovo ddl \u201cper la prevenzione e il contrasto dell\u2019antisemitismo\u201d \u00e8 imbarazzante doversi trovare nuovamente a precisare la differenza (sostanziale) tra la definizione di antisemitismo e quella di <b data-path-to-node=\"3\" data-index-in-node=\"10077\">antisionismo<\/b>. \u201cIl dialogo tra generazioni, culture e religioni diverse\u201d, che dovrebbe essere favorito dal ddl Gasparri tramite i corsi di formazione che il governo vorrebbe impartire, sembra essere proprio ci\u00f2 che le misure nei confronti di Shahin interrompono in una rete sociale, quale quella torinese, in cui la collaborazione era gi\u00e0 fiorente. E forse \u00e8 proprio questo il problema. Mentre il rabbino <b data-path-to-node=\"3\" data-index-in-node=\"10481\">Dovid Feldman<\/b>, membro del movimento ebraico <b data-path-to-node=\"3\" data-index-in-node=\"10525\">Neturei Karta<\/b>, da New York visita Torino al fine di incontrare gli attivisti del movimento in solidariet\u00e0 a Mohamed Shahin, mi chiedo: la libert\u00e0 di parola ed espressione possiede lo stesso valore per tutt*? Quanto il percorso securitario post-2001 pu\u00f2 essere utilizzato con finalit\u00e0 repressive nei confronti di un movimento che si \u00e8 espresso fortemente contrario alle posizioni dell\u2019attuale governo italiano in merito al sostegno allo Stato di Israele? Perch\u00e9 l\u2019intento \u00e8 chiaro: <b data-path-to-node=\"3\" data-index-in-node=\"11006\">intimidire<\/b> la comunit\u00e0 migrante presente sul territorio. Mettere ogni persona con background migratorio sotto <b data-path-to-node=\"3\" data-index-in-node=\"11116\">ricatto<\/b>: la partecipazione a qualsiasi forma di protesta pu\u00f2 verosimilmente portare alla revoca di ogni diritto civile e all\u2019allontanamento dal luogo geografico nel quale si \u00e8 condotto la propria vita fin a quel momento. La paura viene utilizzata come strumento repressivo e \u201cpreventivo\u201d nei confronti delle comunit\u00e0 gi\u00e0 marginalizzate e il cui godimento dei diritti \u00e8 gi\u00e0 precario. Come ha sottolineato <b data-path-to-node=\"3\" data-index-in-node=\"11520\">Luigi Manconi<\/b>, presidente di A Buon Diritto, il quadro che emerge \u00e8 un Paese nel quale le persone straniere rischiano troppo facilmente di essere allontanate dal tessuto sociale in cui vivono, dove intessono relazioni e di cui sono parte integrante. In risposta a ci\u00f2, dalla moschea di via Saluzzo e dalla citt\u00e0 di Torino, l\u2019impegno e la cooperazione sociale sono modello difeso dalle piazze che si sono popolate in questi giorni e che continueranno a popolarsi per la Palestina. Nonostante la nuova ondata repressiva che si sta espandendo proprio su questi temi. Torino x Gaza, in un comunicato, si esprime come segue: \u201cnon si pu\u00f2 e non si deve essere deportati, tanto pi\u00f9 per aver espresso un\u2019opinione. Oggi \u00e8 Mohamed, domani potrebbe essere chiunque di noi. Per questa ragione opporsi a questa ingiustizia \u00e8 un dovere che dobbiamo assumerci per difendere la <b data-path-to-node=\"3\" data-index-in-node=\"12381\">libert\u00e0 collettiva<\/b>\u201d. Ed \u00e8 sulla falsariga di queste parole che si \u00e8 originato il mio desiderio di condividere anche in questo spazio questa storia. Che parla di repressione, di <b data-path-to-node=\"3\" data-index-in-node=\"12558\">razzializzazione del dissenso<\/b>, di <b data-path-to-node=\"3\" data-index-in-node=\"12592\">islamofobia istituzionale<\/b> e di ricatto emotivo creato dalla paura e indirizzato a un gruppo specifico, gi\u00e0 marginalizzato e vittima di stereotipi. Ma \u00e8 anche e soprattutto una storia di <b data-path-to-node=\"3\" data-index-in-node=\"12778\">solidariet\u00e0<\/b>, forte, prorompente, internazionale e trasversale. Che ha fatto risuonare nelle mie orecchie la necessit\u00e0 di rafforzare una rete di solidariet\u00e0 mediterranea. Accomunata dallo stesso desiderio di superare i confini e, partendo dalle esperienze di oppressione, di ripensare pratiche nuove di inclusione. Dal bisogno viscerale di esserci e, ancor pi\u00f9, dalla volont\u00e0 di accorciare quello spazio tra \u201csponda Nord\u201d e \u201csponda Sud\u201d del Mediterraneo descrittoci come invalicabile, per riconoscersi, in realt\u00e0, vicinissim*, rispondere alla violenza intrinseca ad ogni politica di frontiera con il mutuo aiuto. La mia \u00e8 anche una risposta dettata dalla rabbia: avrei potuto occupare queste righe parlando di Palestina, diritto al ritorno, di pratiche di resistenza nuove e tramandate, del concetto di <b data-path-to-node=\"3\" data-index-in-node=\"13580\">sumud<\/b>. E invece la repressione opera (anche) cos\u00ec: chiedendoci energie, tempo, dedizione, che avremmo potuto impiegare in altre forme. Ma non ci distraiamo, gli occhi rimangono puntati verso Gaza e la Cisgiordania.<\/p><p data-path-to-node=\"3\">\u00a0<\/p><p><span style=\"font-weight: 400;\">Per continuare a seguire la vicenda che coinvolge l\u2019imam Mohamed Shahin:<\/span><\/p><p><a href=\"https:\/\/www.instagram.com\/free.mohamed.shahin?igsh=MXZtYmQ0dTljMjlzeQ\"><span style=\"font-weight: 400;\">https:\/\/www.instagram.com\/free.mohamed.shahin?igsh=MXZtYmQ0dTljMjlzeQ<\/span><\/a><\/p><p><a href=\"https:\/\/www.instagram.com\/torino.per.gaza?igsh=cHBrZWMwenFqMmg4\"><span style=\"font-weight: 400;\">https:\/\/www.instagram.com\/torino.per.gaza?igsh=cHBrZWMwenFqMmg4<\/span><\/a><\/p><p>\u00a0<\/p><p><span style=\"font-weight: 400;\">[1]<\/span><a href=\"https:\/\/www.change.org\/p\/fermiamo-l-espulsione-di-un-uomo-innocente-no-alla-consegna-di-shahin-al-regime-egiziano\"><span style=\"font-weight: 400;\">https:\/\/www.change.org\/p\/fermiamo-l-espulsione-di-un-uomo-innocente-no-alla-consegna-di-shahin-al-regime-egiziano<\/span><\/a><\/p><p><span style=\"font-weight: 400;\">\u00a0<\/span><\/p><p><span style=\"font-weight: 400;\">[2]<\/span><a href=\"https:\/\/docs.google.com\/forms\/d\/1tVrlfzmEo8Q9ECCS5BV8t0tMJenPLeTIT1VRQai8gMw\/viewform?fbclid=IwdGRjcAOZGghjbGNrA5kaA2V4dG4DYWVtAjExAHNydGMGYXBwX2lkDDM1MDY4NTUzMTcyOAABHuhXvlqyRUW2Gz4cqs8NfsVkfV6nXY6U8Op_Nxt_ok-dzWz-g2rB-bjtxekS_aem_DK4jNnNle1WmsfUmU_buBA&amp;edit_requested=true\"><span style=\"font-weight: 400;\">https:\/\/docs.google.com\/forms\/d\/1tVrlfzmEo8Q9ECCS5BV8t0tMJenPLeTIT1VRQai8gMw\/viewform?fbclid=IwdGRjcAOZGghjbGNrA5kaA2V4dG4DYWVtAjExAHNydGMGYXBwX2lkDDM1MDY4NTUzMTcyOAABHuhXvlqyRUW2Gz4cqs8NfsVkfV6nXY6U8Op_Nxt_ok-dzWz-g2rB-bjtxekS_aem_DK4jNnNle1WmsfUmU_buBA&amp;edit_requested=true<\/span><\/a><\/p><p><span style=\"font-weight: 400;\">\u00a0<\/span><\/p><p><span style=\"font-weight: 400;\">[3]<\/span><a href=\"https:\/\/torinovaldese.org\/rete-del-dialogo-cristiano-islamico-per-mohamed-shahin\/\"><span style=\"font-weight: 400;\">https:\/\/torinovaldese.org\/rete-del-dialogo-cristiano-islamico-per-mohamed-shahin\/<\/span><\/a><\/p><p><span style=\"font-weight: 400;\">\u00a0<\/span><\/p><p><span style=\"font-weight: 400;\">[4]<\/span><a href=\"https:\/\/www.amnesty.it\/stop-allespulsione-di-mohamed-shahin-verso-legitto\/\"><span style=\"font-weight: 400;\">https:\/\/www.amnesty.it\/stop-allespulsione-di-mohamed-shahin-verso-legitto\/<\/span><\/a><\/p><p><span style=\"font-weight: 400;\">\u00a0<\/span><\/p><p><span style=\"font-weight: 400;\">[5]<\/span><a href=\"https:\/\/www.meltingpot.org\/2025\/06\/questa-e-guantanamo-gravi-episodi-nei-cpr-di-trapani-e-caltanissetta\/\"><span style=\"font-weight: 400;\">https:\/\/www.meltingpot.org\/2025\/06\/questa-e-guantanamo-gravi-episodi-nei-cpr-di-trapani-e-caltanissetta\/<\/span><\/a><\/p><p><span style=\"font-weight: 400;\">\u00a0<\/span><\/p><p><span style=\"font-weight: 400;\">[6]<\/span><a href=\"https:\/\/volerelaluna.it\/commenti\/2025\/12\/01\/limam-mohamed-shahin-noi-il-maccartismo\/\"><span style=\"font-weight: 400;\">https:\/\/volerelaluna.it\/commenti\/2025\/12\/01\/limam-mohamed-shahin-noi-il-maccartismo\/<\/span><\/a><\/p><p><span style=\"font-weight: 400;\">\u00a0<\/span><\/p><p><span style=\"font-weight: 400;\">[7]<\/span><a href=\"https:\/\/www.internazionale.it\/notizie\/annalisa-camilli\/2025\/12\/02\/l-imam-di-torino-che-rischia-l-espulsione-per-le-sue-posizioni-sulla-palestina\"><span style=\"font-weight: 400;\">https:\/\/www.internazionale.it\/notizie\/annalisa-camilli\/2025\/12\/02\/l-imam-di-torino-che-rischia-l-espulsione-per-le-sue-posizioni-sulla-palestina<\/span><\/a><\/p><p><span style=\"font-weight: 400;\">\u00a0<\/span><\/p><p><span style=\"font-weight: 400;\">[8]<\/span><a href=\"https:\/\/www.ilfattoquotidiano.it\/2025\/11\/29\/imam-shahin-espulsione-piantedosi-torino-notizie\/8211527\/\"><span style=\"font-weight: 400;\">https:\/\/www.ilfattoquotidiano.it\/2025\/11\/29\/imam-shahin-espulsione-piantedosi-torino-notizie\/8211527\/<\/span><\/a><\/p><p><span style=\"font-weight: 400;\">\u00a0<\/span><\/p><p><span style=\"font-weight: 400;\">[9]<\/span><a href=\"https:\/\/www.ansa.it\/sito\/notizie\/cronaca\/2025\/12\/02\/imam-torino-la-procura-archivio-frase-su-hamas_ede04d71-af31-4f82-b6bc-fee08492740a.html\"><span style=\"font-weight: 400;\">https:\/\/www.ansa.it\/sito\/notizie\/cronaca\/2025\/12\/02\/imam-torino-la-procura-archivio-frase-su-hamas_ede04d71-af31-4f82-b6bc-fee08492740a.html<\/span><\/a><\/p><p><span style=\"font-weight: 400;\">\u00a0<\/span><\/p><p><span style=\"font-weight: 400;\">[10]<\/span><a href=\"https:\/\/www.ansa.it\/piemonte\/notizie\/2025\/12\/02\/grimaldi-piantedosi-ha-mentito-o-non-ha-fatto-istruttoria_aff776b8-f473-41c0-8497-a4111d6f9889.html?fbclid=Iwb21leAOcVEBjbGNrA5xT42V4dG4DYWVtAjExAHNydGMGYXBwX2lkDDM1MDY4NTUzMTcyOAABHlu3GW3ixO0YW351gepkriuG7D05cjUhck5jjYFXgZxcCH-XGZBXkvqAuvAz_aem_FNsMjJQVp_1M5vKAo0-I8Q\"><span style=\"font-weight: 400;\">https:\/\/www.ansa.it\/piemonte\/notizie\/2025\/12\/02\/grimaldi-piantedosi-ha-mentito-o-non-ha-fatto-istruttoria_aff776b8-f473-41c0-8497-a4111d6f9889.html?fbclid=Iwb21leAOcVEBjbGNrA5xT42V4dG4DYWVtAjExAHNydGMGYXBwX2lkDDM1MDY4NTUzMTcyOAABHlu3GW3ixO0YW351gepkriuG7D05cjUhck5jjYFXgZxcCH-XGZBXkvqAuvAz_aem_FNsMjJQVp_1M5vKAo0-I8Q<\/span><\/a><\/p><p><span style=\"font-weight: 400;\">\u00a0<\/span><\/p><p><span style=\"font-weight: 400;\">[11]<\/span><a href=\"https:\/\/open.spotify.com\/episode\/2C3Avem0t06ypo2hTRUcYQ?si=8e6221b739424e78&amp;nd=1&amp;dlsi=85e9ac1af49f4131\"><span style=\"font-weight: 400;\">https:\/\/open.spotify.com\/episode\/2C3Avem0t06ypo2hTRUcYQ?si=8e6221b739424e78&amp;nd=1&amp;dlsi=85e9ac1af49f4131<\/span><\/a><\/p><p><span style=\"font-weight: 400;\">\u00a0<\/span><\/p><p><span style=\"font-weight: 400;\">[12]<\/span><a href=\"https:\/\/www.abuondiritto.it\/notizie\/2022\/notizia\/la-societa-civile-chiede-allitalia-di-fermare-lespulsione-di-mohamed-shahin-verso-legitto-e-garantire-il-suo-diritto-cercare-asilo\"><span style=\"font-weight: 400;\">https:\/\/www.abuondiritto.it\/notizie\/2022\/notizia\/la-societa-civile-chiede-allitalia-di-fermare-lespulsione-di-mohamed-shahin-verso-legitto-e-garantire-il-suo-diritto-cercare-asilo<\/span><\/a><\/p><p><span style=\"font-weight: 400;\">\u00a0<\/span><\/p><p><span style=\"font-weight: 400;\">[13]<\/span><a href=\"https:\/\/www.ansa.it\/sito\/notizie\/cronaca\/2025\/11\/25\/per-limam-espulso-protesta-davanti-prefettura-torino_f7f480a4-8900-4dc8-b2ec-be5ce61ba33b.html\"><span style=\"font-weight: 400;\">https:\/\/www.ansa.it\/sito\/notizie\/cronaca\/2025\/11\/25\/per-limam-espulso-protesta-davanti-prefettura-torino_f7f480a4-8900-4dc8-b2ec-be5ce61ba33b.html<\/span><\/a><\/p><p><span style=\"font-weight: 400;\">\u00a0<\/span><\/p><p><span style=\"font-weight: 400;\">[14]<\/span><a href=\"https:\/\/www.penaledp.it\/la-repressione-del-dissenso-nel-dl-sicurezza-e-il-diritto-penale-del-nemico-alcune-considerazioni\/\"><span style=\"font-weight: 400;\">https:\/\/www.penaledp.it\/la-repressione-del-dissenso-nel-dl-sicurezza-e-il-diritto-penale-del-nemico-alcune-considerazioni\/<\/span><\/a><\/p><p><span style=\"font-weight: 400;\">\u00a0<\/span><\/p><p><span style=\"font-weight: 400;\">[15]<\/span><a href=\"https:\/\/www.meltingpot.org\/2025\/05\/hanid-bodoui-morto-suicidato-di-cpr-e-di-carcere\/\"><span style=\"font-weight: 400;\">https:\/\/www.meltingpot.org\/2025\/05\/hanid-bodoui-morto-suicidato-di-cpr-e-di-carcere\/<\/span><\/a><\/p><p><span style=\"font-weight: 400;\">\u00a0<\/span><\/p><p><span style=\"font-weight: 400;\">[16]<\/span><a href=\"https:\/\/www.egyptwide.org\/publication\/per-chi-sicuro-egitto\"><span style=\"font-weight: 400;\">https:\/\/www.egyptwide.org\/publication\/per-chi-sicuro-egitto<\/span><\/a><\/p>\t\t\t\t\t\t\t\t<\/div>\n\t\t\t\t<\/div>\n\t\t\t\t\t<\/div>\n\t\t\t\t<\/div>\n\t\t<div class=\"elementor-element elementor-element-7da48d6 e-flex e-con-boxed wpr-particle-no wpr-jarallax-no wpr-parallax-no wpr-sticky-section-no e-con e-parent\" data-id=\"7da48d6\" data-element_type=\"container\" data-e-type=\"container\">\n\t\t\t\t\t<div class=\"e-con-inner\">\n\t\t<div class=\"elementor-element elementor-element-aeaa5c7 e-con-full e-flex wpr-particle-no wpr-jarallax-no wpr-parallax-no wpr-sticky-section-no e-con e-child\" data-id=\"aeaa5c7\" data-element_type=\"container\" data-e-type=\"container\">\n\t\t\t\t<div class=\"elementor-element elementor-element-0b065d4 wpr-stt-btn-align-inline elementor-widget elementor-widget-wpr-back-to-top\" data-id=\"0b065d4\" data-element_type=\"widget\" data-e-type=\"widget\" data-widget_type=\"wpr-back-to-top.default\">\n\t\t\t\t<div class=\"elementor-widget-container\">\n\t\t\t\t\t<div class=\"wpr-stt-wrapper\"><div class='wpr-stt-btn' data-settings='{&quot;animation&quot;:&quot;fade&quot;,&quot;animationOffset&quot;:&quot;0&quot;,&quot;animationDuration&quot;:&quot;200&quot;,&quot;fixed&quot;:&quot;inline&quot;,&quot;scrolAnim&quot;:&quot;800&quot;}'><span class=\"wpr-stt-icon\"><svg class=\"e-font-icon-svg e-fas-chevron-up\" viewBox=\"0 0 448 512\" xmlns=\"http:\/\/www.w3.org\/2000\/svg\"><path d=\"M240.971 130.524l194.343 194.343c9.373 9.373 9.373 24.569 0 33.941l-22.667 22.667c-9.357 9.357-24.522 9.375-33.901.04L224 227.495 69.255 381.516c-9.379 9.335-24.544 9.317-33.901-.04l-22.667-22.667c-9.373-9.373-9.373-24.569 0-33.941L207.03 130.525c9.372-9.373 24.568-9.373 33.941-.001z\"><\/path><\/svg><\/span><\/div><\/div>\t\t\t\t<\/div>\n\t\t\t\t<\/div>\n\t\t\t\t<\/div>\n\t\t\t\t\t<\/div>\n\t\t\t\t<\/div>\n\t\t\t\t<\/div>\n\t\t","protected":false},"excerpt":{"rendered":"<p>Una petizione di circa 20.000 firme[1] e una raccolta fondi, un appello di docenti, ricercatori e ricercatrici universitari\/e con 446 partecipazioni nel momento in cui sto scrivendo[2]. Manifestazioni di solidariet\u00e0 partite da Torino e poi sparse in tutta Italia raggiungendo l\u2019Europa, presidi, sit-in. La presa di parola del Monsignore Derio Olivero, vescovo di Pinerolo, del Consiglio della Federazione delle Chiese Evangeliche, della Rete del dialogo cristiano islamico di Torino[3], della Chiesa Valdese, di Amnesty International Italia[4], di membri della Sumud Flottilla e della stessa Francesca Albanese. L\u2019interesse di testate giornalistiche nazionali e internazionali, tra le quali Middle East Eye e Al Jazeera, nonch\u00e9 di movimenti sparsi in tutto il mondo, non ultimi quelli a Parigi, Londra, Argentina e nella striscia di Gaza. Difficilmente il Ministero dell\u2019Interno, nel momento in cui ha emesso il decreto di espulsione e disposto il trattenimento di Mohamed Shahin, imam della moschea di via Saluzzo, a Torino, poteva immaginare una risposta simile.<\/p>\n","protected":false},"author":1,"featured_media":1106,"comment_status":"open","ping_status":"open","sticky":false,"template":"","format":"standard","meta":{"footnotes":""},"categories":[20,18],"tags":[],"class_list":["post-1105","post","type-post","status-publish","format-standard","has-post-thumbnail","hentry","category-mediterranean","category-medvoice"],"_links":{"self":[{"href":"https:\/\/www.youthmed.net\/en\/wp-json\/wp\/v2\/posts\/1105","targetHints":{"allow":["GET"]}}],"collection":[{"href":"https:\/\/www.youthmed.net\/en\/wp-json\/wp\/v2\/posts"}],"about":[{"href":"https:\/\/www.youthmed.net\/en\/wp-json\/wp\/v2\/types\/post"}],"author":[{"embeddable":true,"href":"https:\/\/www.youthmed.net\/en\/wp-json\/wp\/v2\/users\/1"}],"replies":[{"embeddable":true,"href":"https:\/\/www.youthmed.net\/en\/wp-json\/wp\/v2\/comments?post=1105"}],"version-history":[{"count":4,"href":"https:\/\/www.youthmed.net\/en\/wp-json\/wp\/v2\/posts\/1105\/revisions"}],"predecessor-version":[{"id":1110,"href":"https:\/\/www.youthmed.net\/en\/wp-json\/wp\/v2\/posts\/1105\/revisions\/1110"}],"wp:featuredmedia":[{"embeddable":true,"href":"https:\/\/www.youthmed.net\/en\/wp-json\/wp\/v2\/media\/1106"}],"wp:attachment":[{"href":"https:\/\/www.youthmed.net\/en\/wp-json\/wp\/v2\/media?parent=1105"}],"wp:term":[{"taxonomy":"category","embeddable":true,"href":"https:\/\/www.youthmed.net\/en\/wp-json\/wp\/v2\/categories?post=1105"},{"taxonomy":"post_tag","embeddable":true,"href":"https:\/\/www.youthmed.net\/en\/wp-json\/wp\/v2\/tags?post=1105"}],"curies":[{"name":"wp","href":"https:\/\/api.w.org\/{rel}","templated":true}]}}