{"id":1092,"date":"2025-11-27T14:03:00","date_gmt":"2025-11-27T14:03:00","guid":{"rendered":"https:\/\/www.youthmed.net\/?p=1092"},"modified":"2026-04-01T14:35:17","modified_gmt":"2026-04-01T14:35:17","slug":"riorientare-il-sistema-internazionale","status":"publish","type":"post","link":"https:\/\/www.youthmed.net\/en\/riorientare-il-sistema-internazionale\/","title":{"rendered":"RIORIENTARE IL SISTEMA INTERNAZIONALE"},"content":{"rendered":"\t\t<div data-elementor-type=\"wp-post\" data-elementor-id=\"1092\" class=\"elementor elementor-1092\">\n\t\t\t\t<div class=\"elementor-element elementor-element-92a402f e-flex e-con-boxed wpr-particle-no wpr-jarallax-no wpr-parallax-no wpr-sticky-section-no e-con e-parent\" data-id=\"92a402f\" data-element_type=\"container\" data-e-type=\"container\">\n\t\t\t\t\t<div class=\"e-con-inner\">\n\t\t\t\t<div class=\"elementor-element elementor-element-0161e98 elementor-widget elementor-widget-heading\" data-id=\"0161e98\" data-element_type=\"widget\" data-e-type=\"widget\" data-widget_type=\"heading.default\">\n\t\t\t\t<div class=\"elementor-widget-container\">\n\t\t\t\t\t<h1 class=\"elementor-heading-title elementor-size-default\">RIORIENTARE IL SISTEMA INTERNAZIONALE<\/h1>\t\t\t\t<\/div>\n\t\t\t\t<\/div>\n\t\t\t\t<div class=\"elementor-element elementor-element-b74bb13 elementor-widget elementor-widget-heading\" data-id=\"b74bb13\" data-element_type=\"widget\" data-e-type=\"widget\" data-widget_type=\"heading.default\">\n\t\t\t\t<div class=\"elementor-widget-container\">\n\t\t\t\t\t<h2 class=\"elementor-heading-title elementor-size-default\">Il referendum ecuadoriano come paradigma del sud globale\n<\/h2>\t\t\t\t<\/div>\n\t\t\t\t<\/div>\n\t\t\t\t<div class=\"elementor-element elementor-element-41d0950 elementor-widget elementor-widget-text-editor\" data-id=\"41d0950\" data-element_type=\"widget\" data-e-type=\"widget\" data-widget_type=\"text-editor.default\">\n\t\t\t\t<div class=\"elementor-widget-container\">\n\t\t\t\t\t\t\t\t\t<p>Gabriel Mileti<\/p>\t\t\t\t\t\t\t\t<\/div>\n\t\t\t\t<\/div>\n\t\t\t\t\t<\/div>\n\t\t\t\t<\/div>\n\t\t<div class=\"elementor-element elementor-element-851ad33 e-flex e-con-boxed wpr-particle-no wpr-jarallax-no wpr-parallax-no wpr-sticky-section-no e-con e-parent\" data-id=\"851ad33\" data-element_type=\"container\" data-e-type=\"container\">\n\t\t\t\t\t<div class=\"e-con-inner\">\n\t\t<div class=\"elementor-element elementor-element-40da5ae e-con-full e-flex wpr-particle-no wpr-jarallax-no wpr-parallax-no wpr-sticky-section-no e-con e-child\" data-id=\"40da5ae\" data-element_type=\"container\" data-e-type=\"container\">\n\t\t\t\t<div class=\"elementor-element elementor-element-9a1edb4 elementor-drop-cap-yes elementor-drop-cap-view-default elementor-widget elementor-widget-text-editor\" data-id=\"9a1edb4\" data-element_type=\"widget\" data-e-type=\"widget\" data-settings=\"{&quot;drop_cap&quot;:&quot;yes&quot;}\" data-widget_type=\"text-editor.default\">\n\t\t\t\t<div class=\"elementor-widget-container\">\n\t\t\t\t\t\t\t\t\t<p data-path-to-node=\"0\">E se l\u2019esito referendario in <b data-path-to-node=\"0\" data-index-in-node=\"29\">Ecuador<\/b> fosse molto pi\u00f9 che un evento politico nazionale? Se, infatti, il recente rifiuto popolare delle proposte di <b data-path-to-node=\"0\" data-index-in-node=\"146\">Daniel Noboa<\/b> \u2013 dalle <b data-path-to-node=\"0\" data-index-in-node=\"167\">basi militari straniere<\/b> alla riscrittura della <b data-path-to-node=\"0\" data-index-in-node=\"214\">Costituzione del 2008<\/b> \u2013 fosse in realt\u00e0 l\u2019avvio di una ristrutturazione profonda delle asimmetrie di potere globali? Questo voto non \u00e8 soltanto un momento di <b data-path-to-node=\"0\" data-index-in-node=\"372\">sovranit\u00e0<\/b> ecuadoriana, ma un segnale potente che risuona in geografie lontane, ponendo al centro della riflessione politica la <b data-path-to-node=\"0\" data-index-in-node=\"499\">giustizia territoriale<\/b>, il <b data-path-to-node=\"0\" data-index-in-node=\"526\">diritto alla terra<\/b> e la <b data-path-to-node=\"0\" data-index-in-node=\"550\">resistenza popolare dal basso<\/b>.<\/p>\n<p data-path-to-node=\"1\">Negli ultimi mesi, l\u2019<b data-path-to-node=\"1\" data-index-in-node=\"21\">Ecuador<\/b> ha vissuto una stagione cruciale: il <b data-path-to-node=\"1\" data-index-in-node=\"66\">referendum<\/b> ha respinto la proposta di reintrodurre <b data-path-to-node=\"1\" data-index-in-node=\"117\">basi militari straniere<\/b> (leggasi statounitensi) e di convocare un\u2019<b data-path-to-node=\"1\" data-index-in-node=\"183\">assemblea costituente<\/b> per riscrivere la <b data-path-to-node=\"1\" data-index-in-node=\"223\">Carta di Montecristi<\/b> inaugurata dall\u2019Ex Presidente <b data-path-to-node=\"1\" data-index-in-node=\"274\">Rafael Correa<\/b>[1] . Questo voto emerge in un contesto in cui la <b data-path-to-node=\"1\" data-index-in-node=\"337\">Costituzione del 2008<\/b> (quella stessa Costituzione che riconosce per la prima volta <b data-path-to-node=\"1\" data-index-in-node=\"420\">soggettivit\u00e0 giuridica<\/b> alla terra e alla natura) rappresenta un baluardo della <b data-path-to-node=\"1\" data-index-in-node=\"499\">sovranit\u00e0 socio-ecologica<\/b>.<\/p>\t\t\t\t\t\t\t\t<\/div>\n\t\t\t\t<\/div>\n\t\t\t\t<\/div>\n\t\t<div class=\"elementor-element elementor-element-7158bbb e-con-full e-flex wpr-particle-no wpr-jarallax-no wpr-parallax-no wpr-sticky-section-no e-con e-child\" data-id=\"7158bbb\" data-element_type=\"container\" data-e-type=\"container\">\n\t\t\t\t<div class=\"elementor-element elementor-element-0df4942 elementor-widget elementor-widget-image\" data-id=\"0df4942\" data-element_type=\"widget\" data-e-type=\"widget\" data-widget_type=\"image.default\">\n\t\t\t\t<div class=\"elementor-widget-container\">\n\t\t\t\t\t\t\t\t\t\t\t\t\t\t\t<img loading=\"lazy\" decoding=\"async\" loading=\"lazy\" width=\"500\" height=\"500\" src=\"https:\/\/www.youthmed.net\/wp-content\/uploads\/2026\/04\/RIORIENTARE.png\" class=\"attachment-large size-large wp-image-1093\" alt=\"\" srcset=\"https:\/\/www.youthmed.net\/wp-content\/uploads\/2026\/04\/RIORIENTARE.png 500w, https:\/\/www.youthmed.net\/wp-content\/uploads\/2026\/04\/RIORIENTARE-300x300.png 300w, https:\/\/www.youthmed.net\/wp-content\/uploads\/2026\/04\/RIORIENTARE-150x150.png 150w, https:\/\/www.youthmed.net\/wp-content\/uploads\/2026\/04\/RIORIENTARE-12x12.png 12w\" sizes=\"auto, (max-width: 500px) 100vw, 500px\" \/>\t\t\t\t\t\t\t\t\t\t\t\t\t\t\t<\/div>\n\t\t\t\t<\/div>\n\t\t\t\t<\/div>\n\t\t\t\t\t<\/div>\n\t\t\t\t<\/div>\n\t\t<div class=\"elementor-element elementor-element-6a10b80 e-flex e-con-boxed wpr-particle-no wpr-jarallax-no wpr-parallax-no wpr-sticky-section-no e-con e-parent\" data-id=\"6a10b80\" data-element_type=\"container\" data-e-type=\"container\">\n\t\t\t\t\t<div class=\"e-con-inner\">\n\t\t\t\t<div class=\"elementor-element elementor-element-5c9fda7 elementor-widget elementor-widget-text-editor\" data-id=\"5c9fda7\" data-element_type=\"widget\" data-e-type=\"widget\" data-widget_type=\"text-editor.default\">\n\t\t\t\t<div class=\"elementor-widget-container\">\n\t\t\t\t\t\t\t\t\t<p data-path-to-node=\"2\">Secondo gli articoli 71-74, la \u201c<b data-path-to-node=\"2\" data-index-in-node=\"32\">Pachamama<\/b>\u201d ha diritti inalienabili [2]: esistenza, rigenerazione, restrizione delle attivit\u00e0 distruttive, e un diritto alla <b data-path-to-node=\"2\" data-index-in-node=\"156\">restaurazione<\/b> che non si riduce a mera compensazione economica. Ciascuna persona, comunit\u00e0 o popolo pu\u00f2 invocare le autorit\u00e0 pubbliche affinch\u00e9 tutelino questi diritti: questa visione \u00e8 radicata nella cosmovisione indigena del <b data-path-to-node=\"2\" data-index-in-node=\"383\">sumak kawsay<\/b> (<b data-path-to-node=\"2\" data-index-in-node=\"397\">buen vivir<\/b>), che connota non un solo diritto economico o sociale, ma un modo alternativo di vivere, in armonia con la <b data-path-to-node=\"2\" data-index-in-node=\"515\">natura<\/b>[3]. L\u2019esito del referendum dunque non \u00e8 un incidente di percorso: \u00e8 la riaffermazione di una Costituzione che guarda al mondo non come risorsa da sfruttare, ma come <b data-path-to-node=\"2\" data-index-in-node=\"687\">soggetto di diritto<\/b>. \u00c8 in questo senso che il voto assume una <b data-path-to-node=\"2\" data-index-in-node=\"749\">risonanza globale<\/b>, perch\u00e9 la sua portata concettuale supera i confini dell\u2019Ecuador e alimenta un discorso che arriva fino al Mediterraneo e oltre.<\/p>\n<p data-path-to-node=\"3\">Nel <b data-path-to-node=\"3\" data-index-in-node=\"4\">Salento<\/b>, la resistenza al gasdotto <b data-path-to-node=\"3\" data-index-in-node=\"39\">TAP<\/b> ha incarnato questa stessa tensione. Il movimento <b data-path-to-node=\"3\" data-index-in-node=\"93\">No TAP<\/b> ha lottato per anni contro un\u2019infrastruttura imposta dall\u2019alto, denunciando non soltanto gli impatti ambientali, ma anche il mancato ascolto democratico. Tuttavia, la <b data-path-to-node=\"3\" data-index-in-node=\"267\">repressione<\/b> \u00e8 stata dura: nel processo per i disordini legati alle proteste (2017-2019), 67 attivisti sono stati condannati, mentre 25 sono stati assolti [4], e quando, infine, il <b data-path-to-node=\"3\" data-index-in-node=\"447\">Tribunale di Lecce<\/b> ha concluso il procedimento penale sulle accuse ambientali contro TAP, tutti gli imputati \u2013 inclusi i vertici dell\u2019azienda \u2013 sono stati assolti \u201cperch\u00e9 il fatto non sussiste\u201d [5].<\/p>\n<p data-path-to-node=\"4\">Per molti, la sentenza ha segnato una sconfitta della <b data-path-to-node=\"4\" data-index-in-node=\"54\">giustizia popolare<\/b>: nonostante la mobilitazione, la macchina penale e istituzionale \u00e8 risultata impermeabile alle rivendicazioni territoriali. Ma l\u2019eredit\u00e0 dei <b data-path-to-node=\"4\" data-index-in-node=\"214\">No TAP<\/b> non \u00e8 svanita: la protesta ha costruito un precedente, ha messo in luce la frattura tra popolazioni e potere economico, ha mostrato come la <b data-path-to-node=\"4\" data-index-in-node=\"361\">partecipazione civica<\/b> possa essere contrastata ma anche come possa generare nuove forme di azione. Oggi movimenti come <b data-path-to-node=\"4\" data-index-in-node=\"480\">Extinction Rebellion<\/b> e <b data-path-to-node=\"4\" data-index-in-node=\"503\">Fridays for Future<\/b>, cos\u00ec come iniziative di solidariet\u00e0 in tutta Italia, si muovono con una rinnovata forza e consapevolezza.<\/p>\n<p data-path-to-node=\"5\">Varcando i confini geografici, ma pur sempre accomunata dalla medesima aspirazione di <b data-path-to-node=\"5\" data-index-in-node=\"86\">giustizia territoriale<\/b>, approdiamo in <b data-path-to-node=\"5\" data-index-in-node=\"124\">Palestina<\/b>, dove la questione della terra si manifesta con una concretezza drammatica: non \u00e8 solo una questione di propriet\u00e0, ma di esistenza. Il legame con la terra \u00e8 incarnato negli <b data-path-to-node=\"5\" data-index-in-node=\"307\">ulivi<\/b>, simboli di <b data-path-to-node=\"5\" data-index-in-node=\"325\">sumud<\/b> (<b data-path-to-node=\"5\" data-index-in-node=\"332\">resistenza<\/b>), radicati e duraturi, e al contempo oggetto di violenza sistematica. Durante le raccolte annuali, i contadini palestinesi affrontano quotidianamente aggressioni da parte dei coloni, restrizioni militari, blocchi d\u2019accesso ai campi[6]. Secondo molti analisti internazionali, queste pratiche non sono accidentali, ma parte di una strategia pi\u00f9 ampia di <b data-path-to-node=\"5\" data-index-in-node=\"695\">cancellazione<\/b>: l\u2019albero di ulivo, con la sua vita pluriennale, rappresenta un <b data-path-to-node=\"5\" data-index-in-node=\"773\">radicamento<\/b> che sfida la logica dell\u2019<b data-path-to-node=\"5\" data-index-in-node=\"810\">esproprio<\/b> [7] da parte della forza occupante.<\/p>\n<p data-path-to-node=\"6\">Dal punto di vista simbolico, l\u2019<b data-path-to-node=\"6\" data-index-in-node=\"32\">ulivo<\/b> \u00e8 molto pi\u00f9 che una pianta: \u00e8 memoria, identit\u00e0, economia contadina. Numerosi atti di distruzione delle piante, unitamente a restrizioni sull\u2019accesso ai terreni, sono stati interpretati come un\u2019<b data-path-to-node=\"6\" data-index-in-node=\"232\">aggressione sistemica<\/b> alla continuit\u00e0 culturale palestinese[8]. Organizzare, piantare, curare gli ulivi diventa allora una forma di resistenza politica e giuridica: un gesto quotidiano che afferma il <b data-path-to-node=\"6\" data-index-in-node=\"432\">diritto alla terra<\/b>, non solo come possesso ma come relazione.<\/p>\n<p data-path-to-node=\"7\"><b data-path-to-node=\"7\" data-index-in-node=\"0\">Ecuador<\/b>, <b data-path-to-node=\"7\" data-index-in-node=\"9\">Salento<\/b>, <b data-path-to-node=\"7\" data-index-in-node=\"18\">Palestina<\/b>: pur in contesti molto diversi, emerge una matrice politica condivisa; la <b data-path-to-node=\"7\" data-index-in-node=\"102\">terra come soggetto di diritto<\/b>, la <b data-path-to-node=\"7\" data-index-in-node=\"137\">resistenza popolare dal basso<\/b> come pratica di giustizia, l\u2019<b data-path-to-node=\"7\" data-index-in-node=\"196\">autodeterminazione<\/b> come orizzonte di trasformazione. Il <b data-path-to-node=\"7\" data-index-in-node=\"252\">costituzionalismo ecuadoriano<\/b> introduce un paradigma giuridico radicale, ma non isolato. In questo intreccio, \u00e8 utile richiamare anche la prospettiva teorica della Costituzione del prof. <b data-path-to-node=\"7\" data-index-in-node=\"439\">Luigi Ferrajoli<\/b> [9], che nella sua proposta costituzionale (riportata da <b data-path-to-node=\"7\" data-index-in-node=\"512\">Costituente Terra<\/b> [10]) concepisce i diritti come \u201c<b data-path-to-node=\"7\" data-index-in-node=\"563\">istituti di giustizia<\/b>\u201d, elementi non negoziabili di un patto sociale. Se la terra \u00e8 parte fondamentale di quel patto (se la giustizia include la relazione con la natura) allora la resistenza dei territori diventa non solo lotta politica, ma <b data-path-to-node=\"7\" data-index-in-node=\"804\">categoria costituente<\/b>.<\/p>\n<p data-path-to-node=\"8\">Alla luce di tutto questo, la domanda che ci guida diventa urgente: stiamo forse vivendo l\u2019inizio di una nuova stagione dei <b data-path-to-node=\"8\" data-index-in-node=\"124\">diritti globali<\/b>, una stagione che ricompone il rapporto tra popolo, territorio e potere? Il referendum ecuadoriano, le lotte in Salento e la resistenza palestinese non sono episodi equidistanti, ma tessere di un disegno pi\u00f9 ampio, che ridisegna le mappature del celebre \u201c<b data-path-to-node=\"8\" data-index-in-node=\"395\">Sud globale<\/b>\u201d[11] e pone le basi per una giustizia che non \u00e8 imposta, ma conquistata. Se davvero sta nascendo una nuova stagione dei diritti, che questa volta porta il profumo del platano, del caff\u00e8, dello <b data-path-to-node=\"8\" data-index-in-node=\"600\">za\u2019tar<\/b> e dell\u2019<b data-path-to-node=\"8\" data-index-in-node=\"614\">ulivo<\/b>, essa richieder\u00e0 non solo nuovi strumenti giuridici, ma una revisione dell\u2019immaginario politico: la <b data-path-to-node=\"8\" data-index-in-node=\"720\">terra come relazione<\/b>, la <b data-path-to-node=\"8\" data-index-in-node=\"745\">sovranit\u00e0 come partecipazione<\/b>, la <b data-path-to-node=\"8\" data-index-in-node=\"779\">democrazia come pratica quotidiana di cura<\/b>.<\/p>\n<p data-path-to-node=\"8\">\u00a0<\/p>\n<p><a href=\"https:\/\/www.youthmed.net\/riorientare-il-sistema-internazionale-il-referendum-ecuadoriano-come-paradigma-del-sud-globale\/#_ftnref1\"><span style=\"font-weight: 400;\">[1]<\/span><\/a> <a href=\"https:\/\/pagineesteri.it\/2025\/11\/17\/america-latina\/ecuador-nuova-costituzione-bocciata-la-proposta-di-daniel-noboa\/?utm_source=chatgpt.com\"><span style=\"font-weight: 400;\">https:\/\/pagineesteri.it\/2025\/11\/17\/america-latina\/ecuador-nuova-costituzione-bocciata-la-proposta-di-daniel-noboa<\/span><\/a><\/p>\n<p><a href=\"https:\/\/www.youthmed.net\/riorientare-il-sistema-internazionale-il-referendum-ecuadoriano-come-paradigma-del-sud-globale\/#_ftnref2\"><span style=\"font-weight: 400;\">[2]<\/span><\/a> <a href=\"https:\/\/celdf.org\/wp-content\/uploads\/2015\/08\/ECUADOR-2008-RIGHTS-OF-NATURE-PROVISIONS-IN-ENGLISH-AND-SPANISH.pdf?utm_source=chatgpt.com\"><span style=\"font-weight: 400;\">https:\/\/celdf.org\/wp-content\/uploads\/2015\/08\/ECUADOR-2008-RIGHTS-OF-NATURE-PROVISIONS-IN-ENGLISH-AND-SPANISH.pdf<\/span><\/a><\/p>\n<p><a href=\"https:\/\/www.youthmed.net\/riorientare-il-sistema-internazionale-il-referendum-ecuadoriano-come-paradigma-del-sud-globale\/#_ftnref3\"><span style=\"font-weight: 400;\">[3]<\/span><\/a><span style=\"font-weight: 400;\"> 3.2; pp. 15 <\/span><a href=\"https:\/\/strathprints.strath.ac.uk\/71319\/1\/Sajeva_MSCG_2017_The_conservation_of_the_environment_in_Ecuadors_constitution.pdf?utm_source=chatgpt.com\"><span style=\"font-weight: 400;\">https:\/\/strathprints.strath.ac.uk\/71319\/1\/Sajeva_MSCG_2017_The_conservation_of_the_environment_in_Ecuadors_constitution.pdf<\/span><\/a><\/p>\n<p><a href=\"https:\/\/www.youthmed.net\/riorientare-il-sistema-internazionale-il-referendum-ecuadoriano-come-paradigma-del-sud-globale\/#_ftnref4\"><span style=\"font-weight: 400;\">[4]<\/span><\/a> <a href=\"https:\/\/www.lagazzettadelmezzogiorno.it\/news\/lecce\/1287556\/disordini-e-proteste-in-salento-contro-il-gasdotto-tap-67-condanne.html?utm_source=chatgpt.com\"><span style=\"font-weight: 400;\">https:\/\/www.lagazzettadelmezzogiorno.it\/news\/lecce\/1287556\/disordini-e-proteste-in-salento-contro-il-gasdotto-tap-67-condanne.html<\/span><\/a><\/p>\n<p><a href=\"https:\/\/www.youthmed.net\/riorientare-il-sistema-internazionale-il-referendum-ecuadoriano-come-paradigma-del-sud-globale\/#_ftnref5\"><span style=\"font-weight: 400;\">[5]<\/span><\/a> <a href=\"https:\/\/www.ansa.it\/sito\/notizie\/cronaca\/2025\/05\/12\/processo-gasdotto-tap-tutti-assolti-vertici-e-societa_35cc5a96-bf97-4225-8d30-cbdc6a3e64cc.html?utm_source=chatgpt.com\"><span style=\"font-weight: 400;\">https:\/\/www.ansa.it\/sito\/notizie\/cronaca\/2025\/05\/12\/processo-gasdotto-tap-tutti-assolti-vertici-e-societa_35cc5a96-bf97-4225-8d30-cbdc6a3e64cc.html<\/span><\/a><\/p>\n<p><a href=\"https:\/\/www.youthmed.net\/riorientare-il-sistema-internazionale-il-referendum-ecuadoriano-come-paradigma-del-sud-globale\/#_ftnref6\"><span style=\"font-weight: 400;\">[6]<\/span><\/a> <a href=\"https:\/\/www.landcoalition.org\/en\/latest\/right-to-access-land-for-palestinian-farmers-during-2025-olive-harvest\/?utm_source=chatgpt.com\"><span style=\"font-weight: 400;\">https:\/\/www.landcoalition.org\/en\/latest\/right-to-access-land-for-palestinian-farmers-during-2025-olive-harvest<\/span><\/a><\/p>\n<p><a href=\"https:\/\/www.youthmed.net\/riorientare-il-sistema-internazionale-il-referendum-ecuadoriano-come-paradigma-del-sud-globale\/#_ftnref7\"><span style=\"font-weight: 400;\">[7]<\/span><\/a> <a href=\"https:\/\/www.icjpalestine.com\/wp-content\/uploads\/2024\/06\/Sovereignty-over-Natural-Resources-Trees.pdf?utm_source=chatgpt.com\"><span style=\"font-weight: 400;\">https:\/\/www.icjpalestine.com\/wp-content\/uploads\/2024\/06\/Sovereignty-over-Natural-Resources-Trees.pdf?utm_source=chatgpt.com<\/span><\/a><\/p>\n<p><a href=\"https:\/\/www.youthmed.net\/riorientare-il-sistema-internazionale-il-referendum-ecuadoriano-come-paradigma-del-sud-globale\/#_ftnref8\"><span style=\"font-weight: 400;\">[8]<\/span><\/a> <a href=\"https:\/\/www.middleeastmonitor.com\/20251109-israeli-violations-during-the-olive-harvest-a-war-on-palestinian-land-and-identity\"><span style=\"font-weight: 400;\">https:\/\/www.middleeastmonitor.com\/20251109-israeli-violations-during-the-olive-harvest-a-war-on-palestinian-land-and-identity<\/span><\/a><\/p>\n<p><a href=\"https:\/\/www.youthmed.net\/riorientare-il-sistema-internazionale-il-referendum-ecuadoriano-come-paradigma-del-sud-globale\/#_ftnref9\"><span style=\"font-weight: 400;\">[9]<\/span><\/a><span style=\"font-weight: 400;\"> Giurista ed ex magistrato italiano, professore emerito di filosofia del diritto presso il Dipartimento di Giurisprudenza dell\u2019Universit\u00e0 Roma Tre e allievo di Norberto Bobbio. Attualmente \u00e8 il principale promotore e ideatore del progetto \u201cCostituzione per la Terra\u201d, un ambizioso disegno sovranazionale in attesa di essere sottoposto al vaglio dell\u2019Assemblea Generale delle Nazioni Unite<\/span><\/p>\n<p><a href=\"https:\/\/www.youthmed.net\/riorientare-il-sistema-internazionale-il-referendum-ecuadoriano-come-paradigma-del-sud-globale\/#_ftnref10\"><span style=\"font-weight: 400;\">[10]<\/span><\/a> <a href=\"https:\/\/www.costituenteterra.it\/introduzione-e-testo-della-costituzione-di-luigi-ferrajoli\/\"><span style=\"font-weight: 400;\">https:\/\/www.costituenteterra.it\/introduzione-e-testo-della-costituzione-di-luigi-ferrajoli\/<\/span><\/a><\/p>\n<p><a href=\"https:\/\/www.youthmed.net\/riorientare-il-sistema-internazionale-il-referendum-ecuadoriano-come-paradigma-del-sud-globale\/#_ftnref11\"><span style=\"font-weight: 400;\">[11]<\/span><\/a> <a href=\"https:\/\/www.ispionline.it\/it\/pubblicazione\/definire-il-global-south-171891?utm_source=chatgpt.com\"><span style=\"font-weight: 400;\">https:\/\/www.ispionline.it\/it\/pubblicazione\/definire-il-global-south-171891<\/span><\/a><\/p>\t\t\t\t\t\t\t\t<\/div>\n\t\t\t\t<\/div>\n\t\t\t\t\t<\/div>\n\t\t\t\t<\/div>\n\t\t<div class=\"elementor-element elementor-element-7da48d6 e-flex e-con-boxed wpr-particle-no wpr-jarallax-no wpr-parallax-no wpr-sticky-section-no e-con e-parent\" data-id=\"7da48d6\" data-element_type=\"container\" data-e-type=\"container\">\n\t\t\t\t\t<div class=\"e-con-inner\">\n\t\t<div class=\"elementor-element elementor-element-aeaa5c7 e-con-full e-flex wpr-particle-no wpr-jarallax-no wpr-parallax-no wpr-sticky-section-no e-con e-child\" data-id=\"aeaa5c7\" data-element_type=\"container\" data-e-type=\"container\">\n\t\t\t\t<div class=\"elementor-element elementor-element-0b065d4 wpr-stt-btn-align-inline elementor-widget elementor-widget-wpr-back-to-top\" data-id=\"0b065d4\" data-element_type=\"widget\" data-e-type=\"widget\" data-widget_type=\"wpr-back-to-top.default\">\n\t\t\t\t<div class=\"elementor-widget-container\">\n\t\t\t\t\t<div class=\"wpr-stt-wrapper\"><div class='wpr-stt-btn' data-settings='{&quot;animation&quot;:&quot;fade&quot;,&quot;animationOffset&quot;:&quot;0&quot;,&quot;animationDuration&quot;:&quot;200&quot;,&quot;fixed&quot;:&quot;inline&quot;,&quot;scrolAnim&quot;:&quot;800&quot;}'><span class=\"wpr-stt-icon\"><svg class=\"e-font-icon-svg e-fas-chevron-up\" viewBox=\"0 0 448 512\" xmlns=\"http:\/\/www.w3.org\/2000\/svg\"><path d=\"M240.971 130.524l194.343 194.343c9.373 9.373 9.373 24.569 0 33.941l-22.667 22.667c-9.357 9.357-24.522 9.375-33.901.04L224 227.495 69.255 381.516c-9.379 9.335-24.544 9.317-33.901-.04l-22.667-22.667c-9.373-9.373-9.373-24.569 0-33.941L207.03 130.525c9.372-9.373 24.568-9.373 33.941-.001z\"><\/path><\/svg><\/span><\/div><\/div>\t\t\t\t<\/div>\n\t\t\t\t<\/div>\n\t\t\t\t<\/div>\n\t\t\t\t\t<\/div>\n\t\t\t\t<\/div>\n\t\t\t\t<\/div>\n\t\t","protected":false},"excerpt":{"rendered":"<p>E se l\u2019esito referendario in Ecuador fosse molto pi\u00f9 che un evento politico nazionale? Se, infatti, il recente rifiuto popolare delle proposte di Daniel Noboa \u2013 dalle basi militari straniere alla riscrittura della Costituzione del 2008 \u2013  fosse in realt\u00e0 l\u2019avvio di una ristrutturazione profonda delle asimmetrie di potere globali? Questo voto non \u00e8 soltanto un momento di sovranit\u00e0 ecuadoriana, ma un segnale potente che risuona in geografie lontane, ponendo al centro della riflessione politica la giustizia territoriale, il diritto alla terra e la resistenza popolare dal basso.<\/p>","protected":false},"author":1,"featured_media":1093,"comment_status":"open","ping_status":"open","sticky":false,"template":"","format":"standard","meta":{"footnotes":""},"categories":[20,18],"tags":[],"class_list":["post-1092","post","type-post","status-publish","format-standard","has-post-thumbnail","hentry","category-mediterranean","category-medvoice"],"_links":{"self":[{"href":"https:\/\/www.youthmed.net\/en\/wp-json\/wp\/v2\/posts\/1092","targetHints":{"allow":["GET"]}}],"collection":[{"href":"https:\/\/www.youthmed.net\/en\/wp-json\/wp\/v2\/posts"}],"about":[{"href":"https:\/\/www.youthmed.net\/en\/wp-json\/wp\/v2\/types\/post"}],"author":[{"embeddable":true,"href":"https:\/\/www.youthmed.net\/en\/wp-json\/wp\/v2\/users\/1"}],"replies":[{"embeddable":true,"href":"https:\/\/www.youthmed.net\/en\/wp-json\/wp\/v2\/comments?post=1092"}],"version-history":[{"count":5,"href":"https:\/\/www.youthmed.net\/en\/wp-json\/wp\/v2\/posts\/1092\/revisions"}],"predecessor-version":[{"id":1098,"href":"https:\/\/www.youthmed.net\/en\/wp-json\/wp\/v2\/posts\/1092\/revisions\/1098"}],"wp:featuredmedia":[{"embeddable":true,"href":"https:\/\/www.youthmed.net\/en\/wp-json\/wp\/v2\/media\/1093"}],"wp:attachment":[{"href":"https:\/\/www.youthmed.net\/en\/wp-json\/wp\/v2\/media?parent=1092"}],"wp:term":[{"taxonomy":"category","embeddable":true,"href":"https:\/\/www.youthmed.net\/en\/wp-json\/wp\/v2\/categories?post=1092"},{"taxonomy":"post_tag","embeddable":true,"href":"https:\/\/www.youthmed.net\/en\/wp-json\/wp\/v2\/tags?post=1092"}],"curies":[{"name":"wp","href":"https:\/\/api.w.org\/{rel}","templated":true}]}}