{"id":1085,"date":"2025-11-17T13:50:00","date_gmt":"2025-11-17T13:50:00","guid":{"rendered":"https:\/\/www.youthmed.net\/?p=1085"},"modified":"2026-04-01T13:59:40","modified_gmt":"2026-04-01T13:59:40","slug":"il-dramma-ignorato-del-sudan","status":"publish","type":"post","link":"https:\/\/www.youthmed.net\/en\/il-dramma-ignorato-del-sudan\/","title":{"rendered":"IL DRAMMA IGNORATO DEL SUDAN"},"content":{"rendered":"\t\t<div data-elementor-type=\"wp-post\" data-elementor-id=\"1085\" class=\"elementor elementor-1085\">\n\t\t\t\t<div class=\"elementor-element elementor-element-92a402f e-flex e-con-boxed wpr-particle-no wpr-jarallax-no wpr-parallax-no wpr-sticky-section-no e-con e-parent\" data-id=\"92a402f\" data-element_type=\"container\" data-e-type=\"container\">\n\t\t\t\t\t<div class=\"e-con-inner\">\n\t\t\t\t<div class=\"elementor-element elementor-element-0161e98 elementor-widget elementor-widget-heading\" data-id=\"0161e98\" data-element_type=\"widget\" data-e-type=\"widget\" data-widget_type=\"heading.default\">\n\t\t\t\t<div class=\"elementor-widget-container\">\n\t\t\t\t\t<h1 class=\"elementor-heading-title elementor-size-default\">IL DRAMMA IGNORATO DEL SUDAN<\/h1>\t\t\t\t<\/div>\n\t\t\t\t<\/div>\n\t\t\t\t<div class=\"elementor-element elementor-element-b74bb13 elementor-widget elementor-widget-heading\" data-id=\"b74bb13\" data-element_type=\"widget\" data-e-type=\"widget\" data-widget_type=\"heading.default\">\n\t\t\t\t<div class=\"elementor-widget-container\">\n\t\t\t\t\t<h2 class=\"elementor-heading-title elementor-size-default\">Uno specchio che non ci fa riflettere <\/h2>\t\t\t\t<\/div>\n\t\t\t\t<\/div>\n\t\t\t\t<div class=\"elementor-element elementor-element-41d0950 elementor-widget elementor-widget-text-editor\" data-id=\"41d0950\" data-element_type=\"widget\" data-e-type=\"widget\" data-widget_type=\"text-editor.default\">\n\t\t\t\t<div class=\"elementor-widget-container\">\n\t\t\t\t\t\t\t\t\t<p>Michele Pieroni<\/p>\t\t\t\t\t\t\t\t<\/div>\n\t\t\t\t<\/div>\n\t\t\t\t\t<\/div>\n\t\t\t\t<\/div>\n\t\t<div class=\"elementor-element elementor-element-851ad33 e-flex e-con-boxed wpr-particle-no wpr-jarallax-no wpr-parallax-no wpr-sticky-section-no e-con e-parent\" data-id=\"851ad33\" data-element_type=\"container\" data-e-type=\"container\">\n\t\t\t\t\t<div class=\"e-con-inner\">\n\t\t<div class=\"elementor-element elementor-element-40da5ae e-con-full e-flex wpr-particle-no wpr-jarallax-no wpr-parallax-no wpr-sticky-section-no e-con e-child\" data-id=\"40da5ae\" data-element_type=\"container\" data-e-type=\"container\">\n\t\t\t\t<div class=\"elementor-element elementor-element-9a1edb4 elementor-drop-cap-yes elementor-drop-cap-view-default elementor-widget elementor-widget-text-editor\" data-id=\"9a1edb4\" data-element_type=\"widget\" data-e-type=\"widget\" data-settings=\"{&quot;drop_cap&quot;:&quot;yes&quot;}\" data-widget_type=\"text-editor.default\">\n\t\t\t\t<div class=\"elementor-widget-container\">\n\t\t\t\t\t\t\t\t\t<p data-path-to-node=\"3\">Ci sono Paesi che sembrano nati per ricordarci cosa accade quando il mondo sceglie di guardare altrove. Il <b data-path-to-node=\"3\" data-index-in-node=\"107\">Sudan<\/b> \u00e8 uno di questi: un territorio vasto come l\u2019<b data-path-to-node=\"3\" data-index-in-node=\"157\">Europa occidentale<\/b>, dove la <b data-path-to-node=\"3\" data-index-in-node=\"185\">guerra<\/b> \u00e8 diventata un modo di respirare. Un Paese dove la <b data-path-to-node=\"3\" data-index-in-node=\"243\">fame<\/b>, la <b data-path-to-node=\"3\" data-index-in-node=\"252\">sabbia<\/b> e le <b data-path-to-node=\"3\" data-index-in-node=\"264\">armi<\/b> si confondono, e dove il <b data-path-to-node=\"3\" data-index-in-node=\"294\">silenzio del mondo<\/b> pesa pi\u00f9 delle bombe.<\/p>\n<p data-path-to-node=\"4\">Ben prima che gli imperi europei si scontrassero a <b data-path-to-node=\"4\" data-index-in-node=\"51\">Fashoda<\/b>, il Sudan era gi\u00e0 teatro di una lunga contesa. Nel <b data-path-to-node=\"4\" data-index-in-node=\"110\">XIX secolo<\/b>, quando l\u2019<b data-path-to-node=\"4\" data-index-in-node=\"131\">Egitto ottomano<\/b> cercava di estendere il proprio dominio verso il Sud, il Paese era attraversato da rivolte e visioni religiose. Nel <b data-path-to-node=\"4\" data-index-in-node=\"263\">1881<\/b> nacque il <b data-path-to-node=\"4\" data-index-in-node=\"278\">movimento Mahdista<\/b>, guidato da <b data-path-to-node=\"4\" data-index-in-node=\"309\">Muhammad Ahmad al-Mahdi<\/b>, che un\u00ec trib\u00f9 e contadini in una guerra contro il dominio egiziano e britannico. Per pochi anni il Sudan fu una nazione sotto la sua guida, prima di essere sconfitto nella <b data-path-to-node=\"4\" data-index-in-node=\"506\">battaglia di Omdurman (1898)<\/b> dalle truppe anglo-egiziane comandate da <b data-path-to-node=\"4\" data-index-in-node=\"576\">Kitchener<\/b>. Nel 1898, nel piccolo avamposto di <b data-path-to-node=\"4\" data-index-in-node=\"622\">Fashoda<\/b> sul <b data-path-to-node=\"4\" data-index-in-node=\"634\">Nilo Bianco<\/b>, si giocarono le sorti del Paese: la <b data-path-to-node=\"4\" data-index-in-node=\"683\">Francia<\/b> cercava un collegamento est-ovest delle sue colonie, la <b data-path-to-node=\"4\" data-index-in-node=\"747\">Gran Bretagna<\/b> voleva il corridoio dal Cairo a Citt\u00e0 del Capo. Non si spar\u00f2, ma si decise un destino: il Sudan sarebbe finito sotto l\u2019<b data-path-to-node=\"4\" data-index-in-node=\"880\">orbita britannica<\/b>. Nel <b data-path-to-node=\"4\" data-index-in-node=\"903\">1899<\/b> nacque cos\u00ec il <b data-path-to-node=\"4\" data-index-in-node=\"923\">protettorato anglo-egiziano<\/b>. \u201cCongiunto\u201d solo di nome: il potere vero lo esercitavano i britannici. Separarono il <b data-path-to-node=\"4\" data-index-in-node=\"1037\">Nord arabo-islamico<\/b> dal <b data-path-to-node=\"4\" data-index-in-node=\"1061\">Sud cristiano e animista<\/b>, creando divisioni amministrative e culturali che avrebbero alimentato conflitti per decenni.<\/p>\t\t\t\t\t\t\t\t<\/div>\n\t\t\t\t<\/div>\n\t\t\t\t<\/div>\n\t\t<div class=\"elementor-element elementor-element-7158bbb e-con-full e-flex wpr-particle-no wpr-jarallax-no wpr-parallax-no wpr-sticky-section-no e-con e-child\" data-id=\"7158bbb\" data-element_type=\"container\" data-e-type=\"container\">\n\t\t\t\t<div class=\"elementor-element elementor-element-0df4942 elementor-widget elementor-widget-image\" data-id=\"0df4942\" data-element_type=\"widget\" data-e-type=\"widget\" data-widget_type=\"image.default\">\n\t\t\t\t<div class=\"elementor-widget-container\">\n\t\t\t\t\t\t\t\t\t\t\t\t\t\t\t<img loading=\"lazy\" decoding=\"async\" loading=\"lazy\" width=\"500\" height=\"500\" src=\"https:\/\/www.youthmed.net\/wp-content\/uploads\/2026\/04\/sudan.png\" class=\"attachment-large size-large wp-image-1086\" alt=\"\" srcset=\"https:\/\/www.youthmed.net\/wp-content\/uploads\/2026\/04\/sudan.png 500w, https:\/\/www.youthmed.net\/wp-content\/uploads\/2026\/04\/sudan-300x300.png 300w, https:\/\/www.youthmed.net\/wp-content\/uploads\/2026\/04\/sudan-150x150.png 150w, https:\/\/www.youthmed.net\/wp-content\/uploads\/2026\/04\/sudan-12x12.png 12w\" sizes=\"auto, (max-width: 500px) 100vw, 500px\" \/>\t\t\t\t\t\t\t\t\t\t\t\t\t\t\t<\/div>\n\t\t\t\t<\/div>\n\t\t\t\t<\/div>\n\t\t\t\t\t<\/div>\n\t\t\t\t<\/div>\n\t\t<div class=\"elementor-element elementor-element-6a10b80 e-flex e-con-boxed wpr-particle-no wpr-jarallax-no wpr-parallax-no wpr-sticky-section-no e-con e-parent\" data-id=\"6a10b80\" data-element_type=\"container\" data-e-type=\"container\">\n\t\t\t\t\t<div class=\"e-con-inner\">\n\t\t\t\t<div class=\"elementor-element elementor-element-5c9fda7 elementor-widget elementor-widget-text-editor\" data-id=\"5c9fda7\" data-element_type=\"widget\" data-e-type=\"widget\" data-widget_type=\"text-editor.default\">\n\t\t\t\t<div class=\"elementor-widget-container\">\n\t\t\t\t\t\t\t\t\t<p>Ci sono Paesi che sembrano nati per ricordarci cosa accade quando il mondo sceglie di guardare altrove. Il <b data-path-to-node=\"0\" data-index-in-node=\"107\">Sudan<\/b> \u00e8 uno di questi: un territorio vasto come l\u2019<b data-path-to-node=\"0\" data-index-in-node=\"157\">Europa occidentale<\/b>, dove la <b data-path-to-node=\"0\" data-index-in-node=\"185\">guerra<\/b> \u00e8 diventata un modo di respirare. Un Paese dove la <b data-path-to-node=\"0\" data-index-in-node=\"243\">fame<\/b>, la <b data-path-to-node=\"0\" data-index-in-node=\"252\">sabbia<\/b> e le <b data-path-to-node=\"0\" data-index-in-node=\"264\">armi<\/b> si confondono, e dove il <b data-path-to-node=\"0\" data-index-in-node=\"294\">silenzio del mondo<\/b> pesa pi\u00f9 delle bombe. Ben prima che gli imperi europei si scontrassero a <b data-path-to-node=\"0\" data-index-in-node=\"386\">Fashoda<\/b>, il Sudan era gi\u00e0 teatro di una lunga contesa. Nel <b data-path-to-node=\"0\" data-index-in-node=\"445\">XIX secolo<\/b>, quando l\u2019<b data-path-to-node=\"0\" data-index-in-node=\"466\">Egitto ottomano<\/b> cercava di estendere il proprio dominio verso il Sud, il Paese era attraversato da rivolte e visioni religiose. Nel <b data-path-to-node=\"0\" data-index-in-node=\"598\">1881<\/b> nacque il <b data-path-to-node=\"0\" data-index-in-node=\"613\">movimento Mahdista<\/b>, guidato da <b data-path-to-node=\"0\" data-index-in-node=\"644\">Muhammad Ahmad al-Mahdi<\/b>, che un\u00ec trib\u00f9 e contadini in una guerra contro il dominio egiziano e britannico. Per pochi anni il Sudan fu una nazione sotto la sua guida, prima di essere sconfitto nella <b data-path-to-node=\"0\" data-index-in-node=\"841\">battaglia di Omdurman (1898)<\/b> dalle truppe anglo-egiziane comandate da <b data-path-to-node=\"0\" data-index-in-node=\"911\">Kitchener<\/b>. Nel 1898, nel piccolo avamposto di Fashoda sul Nilo Bianco, si giocarono le sorti del Paese: la <b data-path-to-node=\"0\" data-index-in-node=\"1018\">Francia<\/b> cercava un collegamento est-ovest delle sue colonie, la <b data-path-to-node=\"0\" data-index-in-node=\"1082\">Gran Bretagna<\/b> voleva il corridoio dal Cairo a Citt\u00e0 del Capo. Non si spar\u00f2, ma si decise un destino: il Sudan sarebbe finito sotto l\u2019<b data-path-to-node=\"0\" data-index-in-node=\"1215\">orbita britannica<\/b>. Nel <b data-path-to-node=\"0\" data-index-in-node=\"1238\">1899<\/b> nacque cos\u00ec il <b data-path-to-node=\"0\" data-index-in-node=\"1258\">protettorato anglo-egiziano<\/b>. \u201cCongiunto\u201d solo di nome: il potere vero lo esercitavano i britannici. Separarono il <b data-path-to-node=\"0\" data-index-in-node=\"1372\">Nord arabo-islamico<\/b> dal <b data-path-to-node=\"0\" data-index-in-node=\"1396\">Sud cristiano e animista<\/b>, creando divisioni amministrative e culturali che avrebbero alimentato conflitti per decenni. Quando il Sudan conquist\u00f2 l\u2019<b data-path-to-node=\"0\" data-index-in-node=\"1543\">indipendenza nel 1956<\/b>, eredit\u00f2 non una nazione ma una <b data-path-to-node=\"0\" data-index-in-node=\"1597\">frattura<\/b>. Le <b data-path-to-node=\"0\" data-index-in-node=\"1610\">\u00e9lite di Khartoum<\/b>, perlopi\u00f9 arabe e musulmane, concentrarono su di s\u00e9 potere e risorse, mentre il Sud restava in ombra. Da qui nacquero i primi conflitti: il movimento <b data-path-to-node=\"0\" data-index-in-node=\"1778\">Anyanya<\/b> negli anni Sessanta, la <b data-path-to-node=\"0\" data-index-in-node=\"1810\">prima guerra civile<\/b>; nel <b data-path-to-node=\"0\" data-index-in-node=\"1835\">1983<\/b> una nuova ondata di guerra, la comparsa di <b data-path-to-node=\"0\" data-index-in-node=\"1883\">John Garang<\/b> e dello <b data-path-to-node=\"0\" data-index-in-node=\"1903\">SPLA\/M<\/b>, e infine l\u2019accordo del <b data-path-to-node=\"0\" data-index-in-node=\"1934\">2005<\/b> che apr\u00ec la strada al referendum che port\u00f2 alla nascita del <b data-path-to-node=\"0\" data-index-in-node=\"1999\">Sud Sudan nel 2011<\/b>. Ma la pace non arriv\u00f2: cambiarono i confini, non le ferite. Nel <b data-path-to-node=\"0\" data-index-in-node=\"2083\">2019<\/b>, dopo trent\u2019anni di potere assoluto, la popolazione sudanese rovesci\u00f2 <b data-path-to-node=\"0\" data-index-in-node=\"2158\">Omar al-Bashir<\/b>. Le piazze si riempirono di giovani, donne, insegnanti, medici. Sembrava l\u2019inizio di una stagione diversa. Ma il <b data-path-to-node=\"0\" data-index-in-node=\"2286\">processo democratico<\/b> croll\u00f2 gi\u00e0 nel <b data-path-to-node=\"0\" data-index-in-node=\"2322\">2021<\/b> con il <b data-path-to-node=\"0\" data-index-in-node=\"2334\">colpo di stato<\/b> che port\u00f2 al potere <b data-path-to-node=\"0\" data-index-in-node=\"2369\">Burhan<\/b> e <b data-path-to-node=\"0\" data-index-in-node=\"2378\">Hemmeti<\/b>, uno come presidente e l\u2019altro come vice, fino allo scoppio della <b data-path-to-node=\"0\" data-index-in-node=\"2452\">guerra aperta<\/b> tra le stesse forze nell\u2019<b data-path-to-node=\"0\" data-index-in-node=\"2491\">aprile 2023<\/b>.[1] Dietro i fronti si nascondono l\u2019<b data-path-to-node=\"0\" data-index-in-node=\"2539\">oro del Darfur<\/b>, le rotte verso il <b data-path-to-node=\"0\" data-index-in-node=\"2573\">Mar Rosso<\/b>, i <b data-path-to-node=\"0\" data-index-in-node=\"2586\">traffici d\u2019armi<\/b> e una <b data-path-to-node=\"0\" data-index-in-node=\"2608\">crisi climatica<\/b> che trasforma l\u2019acqua in motivo di contesa. Non \u00e8 solo una lotta per il potere: \u00e8 una lotta per sopravvivere. Il Sudan brucia, e il mondo guarda. Negli ultimi mesi, i confini della guerra sembrano aver perso senso: non sono pi\u00f9 solo linee disegnate su una mappa, ma quartieri, campi profughi, case di civili. Dalle rovine di <b data-path-to-node=\"0\" data-index-in-node=\"2949\">El \u202fFasher<\/b>, capitale del <b data-path-to-node=\"0\" data-index-in-node=\"2974\">Darfur settentrionale<\/b>, emergono immagini satellitari che mostrano vaste zone bruciate e corpi abbandonati nelle strade. Secondo <b data-path-to-node=\"0\" data-index-in-node=\"3102\">Euronews<\/b>, le foto rivelano un <b data-path-to-node=\"0\" data-index-in-node=\"3132\">assedio<\/b> durato mesi preceduto da <b data-path-to-node=\"0\" data-index-in-node=\"3165\">esecuzioni di massa<\/b>, mentre video virali sui social documentano combattenti delle <b data-path-to-node=\"0\" data-index-in-node=\"3247\">RSF<\/b> vantarsi delle loro azioni.[2] Il rapporto dell\u2019<b data-path-to-node=\"0\" data-index-in-node=\"3299\">ONU Fact\u2011Finding Mission<\/b> descrive gli attacchi come <b data-path-to-node=\"0\" data-index-in-node=\"3351\">deliberati e sistematici<\/b>: <b data-path-to-node=\"0\" data-index-in-node=\"3377\">uccisioni extragiudiziali<\/b>, detenzioni arbitrarie, torture, stupri, rapimenti, e distruzione di infrastrutture vitali come ospedali, mercati e accampamenti di sfollati. Queste operazioni mirano non solo a conquistare spazio, ma a terrorizzare intere comunit\u00e0, spesso in base all\u2019<b data-path-to-node=\"0\" data-index-in-node=\"3655\">etnia<\/b>.[3] Secondo <b data-path-to-node=\"0\" data-index-in-node=\"3673\">Human Rights Watch<\/b>, un\u2019analisi di numerosi video geolocalizzati mostra miliziani RSF sparare a civili feriti, eseguire uomini a terra e deridere sopravvissuti, in quello che appare come un vero e proprio <b data-path-to-node=\"0\" data-index-in-node=\"3877\">massacro<\/b>.[4] In parallelo, l\u2019<b data-path-to-node=\"0\" data-index-in-node=\"3906\">Ufficio dell\u2019Alto Commissario per i Diritti Umani dell\u2019ONU<\/b> registra migliaia di morti civili nei primi sei mesi del 2025 (oltre il 70% dei decessi registrati tra gennaio e giugno in Darfur), molti dei quali attribuibili ad <b data-path-to-node=\"0\" data-index-in-node=\"4129\">attacchi indiscriminati<\/b> con <b data-path-to-node=\"0\" data-index-in-node=\"4157\">artiglieria<\/b>, <b data-path-to-node=\"0\" data-index-in-node=\"4170\">droni<\/b> e bombardamenti su aree densamente popolate.[5] Queste immagini non sono solo testimonianze: sono denuncia. Sono la prova che, nel Sudan di oggi, le armi non sono l\u2019unico male. C\u2019\u00e8 anche lo sguardo che uccide, la paura che controlla il corpo, il massacro che si ripete come una cicatrice sulla pelle di un intero popolo. Il Sudan \u00e8 un nodo nel cuore del mondo. A nord, l\u2019<b data-path-to-node=\"0\" data-index-in-node=\"4547\">Egitto<\/b> teme per il <b data-path-to-node=\"0\" data-index-in-node=\"4566\">Nilo<\/b> e per la propria sicurezza, e per questo ha legato parte del suo sostegno alla <b data-path-to-node=\"0\" data-index-in-node=\"4650\">SAF<\/b>, cos\u00ec come la <b data-path-to-node=\"0\" data-index-in-node=\"4668\">Turchia<\/b> e l\u2019<b data-path-to-node=\"0\" data-index-in-node=\"4680\">Iran<\/b> pi\u00f9 per ragioni che potrebbero ricondursi all\u2019equilibrio di potenza nella regione e alla stabilit\u00e0 della regione.[6] Gli <b data-path-to-node=\"0\" data-index-in-node=\"4806\">Emirati Arabi Uniti<\/b> hanno investito apertamente nelle <b data-path-to-node=\"0\" data-index-in-node=\"4860\">RSF<\/b>, puntando a garantire accesso alle <b data-path-to-node=\"0\" data-index-in-node=\"4899\">miniere d\u2019oro<\/b> e alle rotte commerciali.[7] L\u2019<b data-path-to-node=\"0\" data-index-in-node=\"4944\">Arabia Saudita<\/b> si \u00e8 mossa in equilibrio: storicamente vicina all\u2019Egitto, ha sostenuto Khartoum senza chiudere i canali con Abu Dhabi per non indebolire la sua influenza sul Mar Rosso. La <b data-path-to-node=\"0\" data-index-in-node=\"5131\">Russia<\/b> ha cercato di consolidare la propria presenza tramite <b data-path-to-node=\"0\" data-index-in-node=\"5192\">Wagner<\/b>, puntando a una base navale a Port[8]; la <b data-path-to-node=\"0\" data-index-in-node=\"5241\">Cina<\/b> difende con pragmatismo i progetti della \u201c<b data-path-to-node=\"0\" data-index-in-node=\"5288\">Nuova Via della Seta<\/b>\u201d.[9] E dentro questo intrico si inserisce anche la partita tra <b data-path-to-node=\"0\" data-index-in-node=\"5372\">Kiev e Mosca<\/b>: \u00e8 stata documentata la presenza di <b data-path-to-node=\"0\" data-index-in-node=\"5421\">forze speciali ucraine<\/b> a fianco delle SAF contro combattenti russi e miliziani legati a Wagner, interessati a garantire oro e influenza regionale.[10] Nel frattempo, l\u2019<b data-path-to-node=\"0\" data-index-in-node=\"5589\">Etiopia<\/b> sente l\u2019onda d\u2019urto: le guerre nel <b data-path-to-node=\"0\" data-index-in-node=\"5632\">Tigray<\/b> e le pressioni sulle regioni occidentali aumentano i flussi di rifugiati e armi, rendendo il <b data-path-to-node=\"0\" data-index-in-node=\"5732\">Corridoio del Nilo Azzurro<\/b> e l\u2019intera regione del <b data-path-to-node=\"0\" data-index-in-node=\"5782\">Corno d\u2019Africa<\/b> sempre pi\u00f9 instabilit\u00e0.[11]E poi c\u2019\u00e8 l\u2019<b data-path-to-node=\"0\" data-index-in-node=\"5836\">Occidente<\/b>, che in Sudan ha mostrato tutti i propri limiti. La <b data-path-to-node=\"0\" data-index-in-node=\"5898\">Francia<\/b>, gi\u00e0 presente nel Sahel con la sua \u201c<b data-path-to-node=\"0\" data-index-in-node=\"5942\">Fran\u00e7afrique<\/b>\u201d, ha perso influenza; la <b data-path-to-node=\"0\" data-index-in-node=\"5980\">Gran Bretagna<\/b> si rifugia in appelli al \u201c<b data-path-to-node=\"0\" data-index-in-node=\"6020\">dialogo inclusivo<\/b>\u201d mentre sorvola sulle responsabilit\u00e0 storiche; gli <b data-path-to-node=\"0\" data-index-in-node=\"6089\">Stati Uniti<\/b> mantengono una distanza prudente; <b data-path-to-node=\"0\" data-index-in-node=\"6135\">Israele<\/b> osserva, interessato alla sicurezza del Mar Rosso. Ognuno ha una posta in gioco, ma nessuno un progetto di pace credibile. In questo vuoto si inserisce anche un capitolo che spesso sfugge: il <b data-path-to-node=\"0\" data-index-in-node=\"6335\">Khartoum Process<\/b>, finanziato da molti Paesi europei, <b data-path-to-node=\"0\" data-index-in-node=\"6388\">Italia<\/b> inclusa, per contenere le <b data-path-to-node=\"0\" data-index-in-node=\"6421\">rotte migratorie<\/b> dalla Libia. Fondi che, nelle intenzioni, dovevano rafforzare il controllo dei confini, ma che nella realt\u00e0 hanno consolidato soprattutto le RSF, allora gi\u00e0 braccio armato del regime di Bashir, aumentando il potere di quelle stesse milizie che oggi devastano il Paese.[12] L\u2019<b data-path-to-node=\"0\" data-index-in-node=\"6713\">Occidente<\/b> si comporta come un chirurgo che incide e poi non ricuce. Nel vuoto si infilano gli altri attori: <b data-path-to-node=\"0\" data-index-in-node=\"6821\">Emirati Arabi Uniti<\/b>, compagnie militari private come la <b data-path-to-node=\"0\" data-index-in-node=\"6877\">Wagner<\/b> o addirittura <b data-path-to-node=\"0\" data-index-in-node=\"6898\">mercenari colombiani<\/b>[13], milizie locali, reti di traffico poco ortodosse e di conseguenza <b data-path-to-node=\"0\" data-index-in-node=\"6989\">mafie<\/b> e affini. Il risultato \u00e8 un aggravamento della crisi che ricade sui civili. Oggi, nel Sudan, la <b data-path-to-node=\"0\" data-index-in-node=\"7091\">comunit\u00e0 internazionale<\/b> \u00e8 un fantasma. Le missioni ONU sono state ridotte, molte ambasciate chiuse, la diplomazia procede a singhiozzo. Non c\u2019\u00e8 una <b data-path-to-node=\"0\" data-index-in-node=\"7239\">forza di pace<\/b> con mandato chiaro, n\u00e9 una volont\u00e0 politica reale di proteggere i civili su scala adeguata. \u00c8 la fotografia dei limiti dell\u2019<b data-path-to-node=\"0\" data-index-in-node=\"7377\">Occidente<\/b>: <b data-path-to-node=\"0\" data-index-in-node=\"7388\">indignazione internazionale<\/b> seguita da <b data-path-to-node=\"0\" data-index-in-node=\"7427\">azione limitata<\/b>. Si dichiarano preoccupazioni, si lanciano sanzioni, si tengono conferenze, ma mancano <b data-path-to-node=\"0\" data-index-in-node=\"7530\">corridoi umanitari protetti<\/b>, interventi di protezione effettiva e piani di ricostruzione sostenuti. Una <b data-path-to-node=\"0\" data-index-in-node=\"7634\">missione multilaterale<\/b> non deve essere un ritorno al colonialismo, ma una presenza civile e protettiva, con compiti concreti: garantire corridoi umanitari, proteggere ospedali e scuole, ostacolare le <b data-path-to-node=\"0\" data-index-in-node=\"7834\">violenze sessuali<\/b> e il saccheggio, creare lo spazio politico per una <b data-path-to-node=\"0\" data-index-in-node=\"7903\">transizione reale<\/b>. Oggi questo spazio non esiste. Eppure, in mezzo a questo silenzio, c\u2019\u00e8 chi resiste. Le donne organizzano reti di solidariet\u00e0, i giovani documentano le violenze, i medici curano negli scantinati, gli insegnanti aprono scuole di fortuna. Le cosiddette <b data-path-to-node=\"0\" data-index-in-node=\"8172\">Emergency Response Rooms<\/b>, nate nei quartieri e nei rifugi, distribuiscono kit sanitari, offrono supporto psicologico e portano avanti attivit\u00e0 educative: sono una rete vitale di mutuo aiuto nei contesti urbani e nei campi rifugiati.[14] Allo stesso modo, molti <b data-path-to-node=\"0\" data-index-in-node=\"8433\">comitati di resistenza civili<\/b>, eredi delle mobilitazioni del 2019, continuano a coordinare aiuti, documentare abusi e chiedere responsabilit\u00e0. Queste persone non cercano la gloria. Non sono eroi da parata. Lavorano nel buio perch\u00e9 ogni mano che cura, che educa, che salva una vita \u00e8 una dichiarazione di guerra all\u2019<b data-path-to-node=\"0\" data-index-in-node=\"8748\">indifferenza<\/b>. Il Sudan non \u00e8 una tragedia lontana. \u00c8 uno <b data-path-to-node=\"0\" data-index-in-node=\"8805\">specchio<\/b>. Ci mostra cosa succede quando la pace diventa un concetto astratto, una parola da convegno. Ci ricorda che la storia non perdona le omissioni. Oggi il mondo ha bisogno di meno commozione e pi\u00f9 <b data-path-to-node=\"0\" data-index-in-node=\"9008\">coraggio<\/b>. Di una <b data-path-to-node=\"0\" data-index-in-node=\"9025\">politica estera<\/b> che non si limiti a \u201ccondannare\u201d ma che <b data-path-to-node=\"0\" data-index-in-node=\"9081\">protegga<\/b>. Perch\u00e9 se la pace non \u00e8 azione, allora \u00e8 solo un\u2019altra forma di silenzio. Il Sudan brucia, e il mondo guarda. Ma ogni giorno in cui non si interviene, non \u00e8 solo il Sudan a morire: \u00e8 l\u2019idea stessa di un\u2019<b data-path-to-node=\"0\" data-index-in-node=\"9294\">umanit\u00e0<\/b> che si dice civile. <b data-path-to-node=\"0\" data-index-in-node=\"9322\">Mai pi\u00f9<\/b> non dovrebbe essere una frase da anniversario. Deve essere una <b data-path-to-node=\"0\" data-index-in-node=\"9393\">politica<\/b>. E se oggi non sappiamo dirlo con le armi della pace, allora \u00e8 il mondo intero che sta perdendo questa guerra.<\/p>\n<p>\u00a0<\/p>\n<p><span style=\"font-weight: 400;\">[1] <\/span><a href=\"https:\/\/www.nytimes.com\/live\/2021\/10\/25\/world\/sudan-coup\"><span style=\"font-weight: 400;\">https:\/\/www.nytimes.com\/live\/2021\/10\/25\/world\/sudan-coup<\/span><\/a><\/p>\n<p><span style=\"font-weight: 400;\">[2]<\/span><a href=\"https:\/\/it.euronews.com\/2025\/10\/29\/sudan-le-rsf-conquistano-el-fasher-nel-darfur-le-immagini-mostrano-i-massacri-di-massa-di-\"><span style=\"font-weight: 400;\">https:\/\/it.euronews.com\/2025\/10\/29\/sudan-le-rsf-conquistano-el-fasher-nel-darfur-le-immagini-mostrano-i-massacri-di-massa-di-<\/span><\/a><\/p>\n<p><span style=\"font-weight: 400;\">[3]<\/span><a href=\"https:\/\/www.ohchr.org\/en\/press-releases\/2025\/06\/sudan-war-intensifying-devastating-consequences-civilians-un-fact-finding\"><span style=\"font-weight: 400;\">https:\/\/www.ohchr.org\/en\/press-releases\/2025\/06\/sudan-war-intensifying-devastating-consequences-civilians-un-fact-finding<\/span><\/a><\/p>\n<p><span style=\"font-weight: 400;\">[4] <\/span><a href=\"https:\/\/www.hrw.org\/news\/2025\/10\/29\/sudan-mass-atrocities-in-captured-darfur-city?utm_source=chatgpt.com\"><span style=\"font-weight: 400;\">https:\/\/www.hrw.org\/news\/2025\/10\/29\/sudan-mass-atrocities-in-captured-darfur-city?<\/span><\/a><\/p>\n<p><span style=\"font-weight: 400;\">[5]<\/span><a href=\"https:\/\/sudan.un.org\/en\/301876-sudan-crisis-deepens-amid-rising-civilian-casualties-growing-ethnic-violence-and-grim\"><span style=\"font-weight: 400;\">https:\/\/sudan.un.org\/en\/301876-sudan-crisis-deepens-amid-rising-civilian-casualties-growing-ethnic-violence-and-grim<\/span><\/a><\/p>\n<p><span style=\"font-weight: 400;\">[6]<\/span><a href=\"https:\/\/www.ispionline.it\/en\/publication\/sudan-and-beyond-how-el-fashers-fall-could-worsen-regional-fragmentation-222722\"><span style=\"font-weight: 400;\">https:\/\/www.ispionline.it\/en\/publication\/sudan-and-beyond-how-el-fashers-fall-could-worsen-regional-fragmentation-222722<\/span><\/a><\/p>\n<p><span style=\"font-weight: 400;\">[7] <\/span><a href=\"https:\/\/www.middleeasteye.net\/explainers\/why-uae-involved-sudans-bloody-civil-war\"><span style=\"font-weight: 400;\">https:\/\/www.middleeasteye.net\/explainers\/why-uae-involved-sudans-bloody-civil-war<\/span><\/a><\/p>\n<p><span style=\"font-weight: 400;\">[8] sudanhttps:\/\/pdfs.semanticscholar.org\/f8ed\/a50195b9a2fe9446124b5c1371e8d01194f6.pdf<\/span><\/p>\n<p><span style=\"font-weight: 400;\">[9] <\/span><a href=\"https:\/\/saiia.org.za\/research\/the-chinese-stance-on-the-darfur-conflict\/\"><span style=\"font-weight: 400;\">https:\/\/saiia.org.za\/research\/the-chinese-stance-on-the-darfur-conflict\/<\/span><\/a><\/p>\n<p><span style=\"font-weight: 400;\">[10] <\/span><a href=\"https:\/\/www.bellingcat.com\/news\/2023\/10\/07\/examining-videos-of-suspected-ukrainian-riflemen-in-sudan\/?\"><span style=\"font-weight: 400;\">https:\/\/www.bellingcat.com\/news\/2023\/10\/07\/examining-videos-of-suspected-ukrainian-riflemen-in-sudan\/<\/span><\/a><\/p>\n<p><span style=\"font-weight: 400;\">[11]<\/span><a href=\"https:\/\/www.chathamhouse.org\/2024\/04\/securitizing-ethiopia-sudan-border-how-cross-border-conflict-shaping-trade-and-control-land\"><span style=\"font-weight: 400;\">https:\/\/www.chathamhouse.org\/2024\/04\/securitizing-ethiopia-sudan-border-how-cross-border-conflict-shaping-trade-and-control-land<\/span><\/a><\/p>\n<p><span style=\"font-weight: 400;\">[12]\u00a0 <\/span><a href=\"https:\/\/www.khartoumprocess.net\/\"><span style=\"font-weight: 400;\">https:\/\/www.khartoumprocess.net\/<\/span><\/a><\/p>\n<p><span style=\"font-weight: 400;\">[13] <\/span><a href=\"https:\/\/www.theguardian.com\/world\/2025\/oct\/08\/colombian-mercenaries-sudan-war\"><span style=\"font-weight: 400;\">https:\/\/www.theguardian.com\/world\/2025\/oct\/08\/colombian-mercenaries-sudan-war<\/span><\/a><\/p>\n<p><span style=\"font-weight: 400;\">[14] <\/span><a href=\"https:\/\/lccsudan.org\/\"><span style=\"font-weight: 400;\">https:\/\/lccsudan.org\/<\/span><\/a><span style=\"font-weight: 400;\">;<\/span><a href=\"https:\/\/rightlivelihood.org\/the-change-makers\/find-a-laureate\/emergency-response-rooms\/\"><span style=\"font-weight: 400;\">https:\/\/rightlivelihood.org\/the-change-makers\/find-a-laureate\/emergency-response-rooms\/<\/span><\/a><\/p>\t\t\t\t\t\t\t\t<\/div>\n\t\t\t\t<\/div>\n\t\t\t\t\t<\/div>\n\t\t\t\t<\/div>\n\t\t<div class=\"elementor-element elementor-element-7da48d6 e-flex e-con-boxed wpr-particle-no wpr-jarallax-no wpr-parallax-no wpr-sticky-section-no e-con e-parent\" data-id=\"7da48d6\" data-element_type=\"container\" data-e-type=\"container\">\n\t\t\t\t\t<div class=\"e-con-inner\">\n\t\t<div class=\"elementor-element elementor-element-aeaa5c7 e-con-full e-flex wpr-particle-no wpr-jarallax-no wpr-parallax-no wpr-sticky-section-no e-con e-child\" data-id=\"aeaa5c7\" data-element_type=\"container\" data-e-type=\"container\">\n\t\t\t\t<div class=\"elementor-element elementor-element-0b065d4 wpr-stt-btn-align-inline elementor-widget elementor-widget-wpr-back-to-top\" data-id=\"0b065d4\" data-element_type=\"widget\" data-e-type=\"widget\" data-widget_type=\"wpr-back-to-top.default\">\n\t\t\t\t<div class=\"elementor-widget-container\">\n\t\t\t\t\t<div class=\"wpr-stt-wrapper\"><div class='wpr-stt-btn' data-settings='{&quot;animation&quot;:&quot;fade&quot;,&quot;animationOffset&quot;:&quot;0&quot;,&quot;animationDuration&quot;:&quot;200&quot;,&quot;fixed&quot;:&quot;inline&quot;,&quot;scrolAnim&quot;:&quot;800&quot;}'><span class=\"wpr-stt-icon\"><svg class=\"e-font-icon-svg e-fas-chevron-up\" viewBox=\"0 0 448 512\" xmlns=\"http:\/\/www.w3.org\/2000\/svg\"><path d=\"M240.971 130.524l194.343 194.343c9.373 9.373 9.373 24.569 0 33.941l-22.667 22.667c-9.357 9.357-24.522 9.375-33.901.04L224 227.495 69.255 381.516c-9.379 9.335-24.544 9.317-33.901-.04l-22.667-22.667c-9.373-9.373-9.373-24.569 0-33.941L207.03 130.525c9.372-9.373 24.568-9.373 33.941-.001z\"><\/path><\/svg><\/span><\/div><\/div>\t\t\t\t<\/div>\n\t\t\t\t<\/div>\n\t\t\t\t<\/div>\n\t\t\t\t\t<\/div>\n\t\t\t\t<\/div>\n\t\t\t\t<\/div>\n\t\t","protected":false},"excerpt":{"rendered":"<p>Ci sono Paesi che sembrano nati per ricordarci cosa accade quando il mondo sceglie di guardare altrove. Il Sudan \u00e8 uno di questi: un territorio vasto come l\u2019Europa occidentale, dove la guerra \u00e8 diventata un modo di respirare. Un Paese dove la fame, la sabbia e le armi si confondono, e dove il silenzio del mondo pesa pi\u00f9 delle bombe.<br \/>\nBen prima che gli imperi europei si scontrassero a Fashoda, il Sudan era gi\u00e0 teatro di una lunga contesa. Nel XIX secolo, quando l\u2019Egitto ottomano cercava di estendere il proprio dominio verso il Sud, il Paese era attraversato da rivolte e visioni religiose. Nel 1881 nacque il movimento Mahdista, guidato da Muhammad Ahmad al-Mahdi, che un\u00ec trib\u00f9 e contadini in una guerra contro il dominio egiziano e britannico. Per pochi anni il Sudan fu una nazione sotto la sua guida, prima di essere sconfitto nella battaglia di Omdurman (1898) dalle truppe anglo-egiziane comandate da Kitchener.<\/p>","protected":false},"author":1,"featured_media":1086,"comment_status":"open","ping_status":"open","sticky":false,"template":"","format":"standard","meta":{"footnotes":""},"categories":[20,18],"tags":[],"class_list":["post-1085","post","type-post","status-publish","format-standard","has-post-thumbnail","hentry","category-mediterranean","category-medvoice"],"_links":{"self":[{"href":"https:\/\/www.youthmed.net\/en\/wp-json\/wp\/v2\/posts\/1085","targetHints":{"allow":["GET"]}}],"collection":[{"href":"https:\/\/www.youthmed.net\/en\/wp-json\/wp\/v2\/posts"}],"about":[{"href":"https:\/\/www.youthmed.net\/en\/wp-json\/wp\/v2\/types\/post"}],"author":[{"embeddable":true,"href":"https:\/\/www.youthmed.net\/en\/wp-json\/wp\/v2\/users\/1"}],"replies":[{"embeddable":true,"href":"https:\/\/www.youthmed.net\/en\/wp-json\/wp\/v2\/comments?post=1085"}],"version-history":[{"count":4,"href":"https:\/\/www.youthmed.net\/en\/wp-json\/wp\/v2\/posts\/1085\/revisions"}],"predecessor-version":[{"id":1091,"href":"https:\/\/www.youthmed.net\/en\/wp-json\/wp\/v2\/posts\/1085\/revisions\/1091"}],"wp:featuredmedia":[{"embeddable":true,"href":"https:\/\/www.youthmed.net\/en\/wp-json\/wp\/v2\/media\/1086"}],"wp:attachment":[{"href":"https:\/\/www.youthmed.net\/en\/wp-json\/wp\/v2\/media?parent=1085"}],"wp:term":[{"taxonomy":"category","embeddable":true,"href":"https:\/\/www.youthmed.net\/en\/wp-json\/wp\/v2\/categories?post=1085"},{"taxonomy":"post_tag","embeddable":true,"href":"https:\/\/www.youthmed.net\/en\/wp-json\/wp\/v2\/tags?post=1085"}],"curies":[{"name":"wp","href":"https:\/\/api.w.org\/{rel}","templated":true}]}}