{"id":1079,"date":"2025-11-13T13:39:00","date_gmt":"2025-11-13T13:39:00","guid":{"rendered":"https:\/\/www.youthmed.net\/?p=1079"},"modified":"2026-04-01T13:47:10","modified_gmt":"2026-04-01T13:47:10","slug":"tra-diritto-e-ingiustizia","status":"publish","type":"post","link":"https:\/\/www.youthmed.net\/en\/tra-diritto-e-ingiustizia\/","title":{"rendered":"TRA DIRITTO E INGIUSTIZIA"},"content":{"rendered":"<div data-elementor-type=\"wp-post\" data-elementor-id=\"1079\" class=\"elementor elementor-1079\">\n\t\t\t\t<div class=\"elementor-element elementor-element-92a402f e-flex e-con-boxed wpr-particle-no wpr-jarallax-no wpr-parallax-no wpr-sticky-section-no e-con e-parent\" data-id=\"92a402f\" data-element_type=\"container\" data-e-type=\"container\">\n\t\t\t\t\t<div class=\"e-con-inner\">\n\t\t\t\t<div class=\"elementor-element elementor-element-0161e98 elementor-widget elementor-widget-heading\" data-id=\"0161e98\" data-element_type=\"widget\" data-e-type=\"widget\" data-widget_type=\"heading.default\">\n\t\t\t\t<div class=\"elementor-widget-container\">\n\t\t\t\t\t<h1 class=\"elementor-heading-title elementor-size-default\">TRA DIRITTO E INGIUSTIZIA <\/h1>\t\t\t\t<\/div>\n\t\t\t\t<\/div>\n\t\t\t\t<div class=\"elementor-element elementor-element-b74bb13 elementor-widget elementor-widget-heading\" data-id=\"b74bb13\" data-element_type=\"widget\" data-e-type=\"widget\" data-widget_type=\"heading.default\">\n\t\t\t\t<div class=\"elementor-widget-container\">\n\t\t\t\t\t<h2 class=\"elementor-heading-title elementor-size-default\">Lo ius resistendi nell\u2019era dell\u2019emergenza permanente\n<\/h2>\t\t\t\t<\/div>\n\t\t\t\t<\/div>\n\t\t\t\t<div class=\"elementor-element elementor-element-41d0950 elementor-widget elementor-widget-text-editor\" data-id=\"41d0950\" data-element_type=\"widget\" data-e-type=\"widget\" data-widget_type=\"text-editor.default\">\n\t\t\t\t<div class=\"elementor-widget-container\">\n\t\t\t\t\t\t\t\t\t<p>Gabriel Mileti<\/p>\t\t\t\t\t\t\t\t<\/div>\n\t\t\t\t<\/div>\n\t\t\t\t\t<\/div>\n\t\t\t\t<\/div>\n\t\t<div class=\"elementor-element elementor-element-851ad33 e-flex e-con-boxed wpr-particle-no wpr-jarallax-no wpr-parallax-no wpr-sticky-section-no e-con e-parent\" data-id=\"851ad33\" data-element_type=\"container\" data-e-type=\"container\">\n\t\t\t\t\t<div class=\"e-con-inner\">\n\t\t<div class=\"elementor-element elementor-element-40da5ae e-con-full e-flex wpr-particle-no wpr-jarallax-no wpr-parallax-no wpr-sticky-section-no e-con e-child\" data-id=\"40da5ae\" data-element_type=\"container\" data-e-type=\"container\">\n\t\t\t\t<div class=\"elementor-element elementor-element-9a1edb4 elementor-drop-cap-yes elementor-drop-cap-view-default elementor-widget elementor-widget-text-editor\" data-id=\"9a1edb4\" data-element_type=\"widget\" data-e-type=\"widget\" data-settings=\"{&quot;drop_cap&quot;:&quot;yes&quot;}\" data-widget_type=\"text-editor.default\">\n\t\t\t\t<div class=\"elementor-widget-container\">\n\t\t\t\t\t\t\t\t\t<p><span style=\"font-weight: 400;\">C\u2019\u00e8 un interrogativo che attraversa il nostro tempo come una faglia: che cosa resta oggi della resistenza come diritto, come dovere, come pratica democratica?<\/span><\/p>\n<p><span style=\"font-weight: 400;\">In un mondo in cui la legalit\u00e0 appare sempre pi\u00f9 esposta alla pressione dell\u2019emergenza, della sicurezza e della performance economica, e in cui determinate aree del globo si configurano come teatro privilegiato della sospensione del diritto, tornare a riflettere sullo <\/span><i><span style=\"font-weight: 400;\">ius resistendi<\/span><\/i><span style=\"font-weight: 400;\"> non \u00e8 un esercizio accademico, ma un\u2019urgenza politica.<\/span><\/p>\n<p><span style=\"font-weight: 400;\">Nella tradizione occidentale, la resistenza al potere ingiusto \u00e8 un tema fondativo: Antigone inaugura il conflitto tra <\/span><i><span style=\"font-weight: 400;\">nomos<\/span><\/i><span style=\"font-weight: 400;\"> e <\/span><i><span style=\"font-weight: 400;\">dike<\/span><\/i><span style=\"font-weight: 400;\">; Tommaso d\u2019Aquino riconosce il diritto di disobbedire a un\u2019autorit\u00e0 tirannica; i monarcomachi elaborano la legittimit\u00e0 della ribellione collettiva; Locke fa dello <\/span><a href=\"https:\/\/press-pubs.uchicago.edu\/founders\/documents\/v1ch3s2.html\"><i><span style=\"font-weight: 400;\">Appeal to Heaven<\/span><\/i><\/a><span style=\"font-weight: 400;\"> una clausola estrema quando le istituzioni tradiscono il loro mandato. La modernit\u00e0 giuridica, con la nascita dello Stato costituzionale, ha operato per\u00f2 un movimento ambivalente: riconoscere la necessit\u00e0 della resistenza ma, al tempo stesso, inglobarla, diluirla attraverso le garanzie procedurali e la rigidit\u00e0 costituzionale.<\/span><\/p>\n<p>\u00a0<\/p>\t\t\t\t\t\t\t\t<\/div>\n\t\t\t\t<\/div>\n\t\t\t\t<\/div>\n\t\t<div class=\"elementor-element elementor-element-7158bbb e-con-full e-flex wpr-particle-no wpr-jarallax-no wpr-parallax-no wpr-sticky-section-no e-con e-child\" data-id=\"7158bbb\" data-element_type=\"container\" data-e-type=\"container\">\n\t\t\t\t<div class=\"elementor-element elementor-element-0df4942 elementor-widget elementor-widget-image\" data-id=\"0df4942\" data-element_type=\"widget\" data-e-type=\"widget\" data-widget_type=\"image.default\">\n\t\t\t\t<div class=\"elementor-widget-container\">\n\t\t\t\t\t\t\t\t\t\t\t\t\t\t\t<img loading=\"lazy\" decoding=\"async\" width=\"500\" height=\"500\" src=\"https:\/\/www.youthmed.net\/wp-content\/uploads\/2026\/04\/FLOATILLA.png\" class=\"attachment-large size-large wp-image-1080\" alt=\"\" srcset=\"https:\/\/www.youthmed.net\/wp-content\/uploads\/2026\/04\/FLOATILLA.png 500w, https:\/\/www.youthmed.net\/wp-content\/uploads\/2026\/04\/FLOATILLA-300x300.png 300w, https:\/\/www.youthmed.net\/wp-content\/uploads\/2026\/04\/FLOATILLA-150x150.png 150w, https:\/\/www.youthmed.net\/wp-content\/uploads\/2026\/04\/FLOATILLA-12x12.png 12w\" sizes=\"auto, (max-width: 500px) 100vw, 500px\" \/>\t\t\t\t\t\t\t\t\t\t\t\t\t\t\t<\/div>\n\t\t\t\t<\/div>\n\t\t\t\t<\/div>\n\t\t\t\t\t<\/div>\n\t\t\t\t<\/div>\n\t\t<div class=\"elementor-element elementor-element-6a10b80 e-flex e-con-boxed wpr-particle-no wpr-jarallax-no wpr-parallax-no wpr-sticky-section-no e-con e-parent\" data-id=\"6a10b80\" data-element_type=\"container\" data-e-type=\"container\">\n\t\t\t\t\t<div class=\"e-con-inner\">\n\t\t\t\t<div class=\"elementor-element elementor-element-5c9fda7 elementor-widget elementor-widget-text-editor\" data-id=\"5c9fda7\" data-element_type=\"widget\" data-e-type=\"widget\" data-widget_type=\"text-editor.default\">\n\t\t\t\t<div class=\"elementor-widget-container\">\n\t\t\t\t\t\t\t\t\t<p><span style=\"font-weight: 400;\">In antitesi con tale tendenza si colloca il caso tedesco: il <\/span><a href=\"https:\/\/www.pul.it\/cattedra\/upload_files\/310\/Legge%20fond.Repubblica%20Federale%20di%20Germania.pdf\"><i><span style=\"font-weight: 400;\">Grundgesetz<\/span><\/i><span style=\"font-weight: 400;\"> del 1949<\/span><\/a><span style=\"font-weight: 400;\">, memore dell\u2019esperienza totalitaria, introduce all<\/span><i><span style=\"font-weight: 400;\">\u2019art<\/span><\/i><span style=\"font-weight: 400;\">. <\/span><i><span style=\"font-weight: 400;\">20, c. 4<\/span><\/i><span style=\"font-weight: 400;\">, un diritto di resistenza esplicito contro chi tenti di sovvertire l\u2019ordine costituzionale democratico. \u00c8 un <\/span><i><span style=\"font-weight: 400;\">unicum<\/span><\/i><span style=\"font-weight: 400;\"> nel panorama europeo contemporaneo: una norma estrema, destinata a situazioni-limite, ma simbolicamente potentissima, perch\u00e9 afferma che nessun sistema istituzionale \u00e8 autosufficiente e che la cittadinanza \u00e8 l\u2019ultima custode dell\u2019ordine democratico.<\/span><\/p>\n<p><span style=\"font-weight: 400;\">La cornice internazionale rafforza questo quadro. La Dichiarazione Universale dei Diritti Umani del 1948, <\/span><a href=\"https:\/\/www.ohchr.org\/sites\/default\/files\/UDHR\/Documents\/UDHR_Translations\/itn.pdf\"><span style=\"font-weight: 400;\">nel suo Preambolo<\/span><\/a><span style=\"font-weight: 400;\">, ammonisce che affinch\u00e9 gli esseri umani non siano \u201c<\/span><i><span style=\"font-weight: 400;\">costretti al supremo ricorso alla rivolta contro la tirannia e l\u2019oppressione<\/span><\/i><span style=\"font-weight: 400;\">\u201d, \u00e8 necessario che i diritti siano protetti da uno Stato di diritto. La DUDU non glorifica la resistenza: ne riconosce piuttosto la necessit\u00e0 quando la struttura giuridica fallisce, e questa constatazione appare oggi drammaticamente attuale.<\/span><\/p>\n<p><span style=\"font-weight: 400;\">Nulla di simile fu introdotto nella Costituzione italiana, nonostante un vivace dibattito in Assemblea Costituente. La resistenza rimase \u201cassorbita\u201d, \u201cdiffusa\u201d, nell\u2019architettura delle garanzie, non codificata ma presupposta\u00a0 grazie ai livelli di controllo amministrativi e pubblici. Tuttavia la nostra storia nazionale insegna che i dispositivi giuridici, da soli, non bastano: dalle stagioni della violenza politica alle <\/span><a href=\"https:\/\/memoria.cultura.gov.it\/organizzazioni\/-\/organization\/detail\/be3c59cc-71ff-4f64-a3e2-912d9595e559%23e341fadf-451e-43ed-91bb-5b55e33e2aba\/P2+%28Loggia+Propaganda+2%29\"><span style=\"font-weight: 400;\">deviazioni istituzionali e ai poteri occulti<\/span><\/a><span style=\"font-weight: 400;\">, si \u00e8 reso evidente che la legalit\u00e0 pu\u00f2 essere catturata, svuotata, piegata. Non occorre indulgere a narrazioni complottistiche, basta riconoscere che un ordinamento non \u00e8 immune dall\u2019uso distorto delle sue stesse norme: laddove la legalit\u00e0 diventa alibi per restringere diritti anzich\u00e9 tutelarli, si crea uno scarto tra legale e legittimo che la societ\u00e0 civile \u00e8 chiamata a colmare.<\/span><\/p>\n<p><span style=\"font-weight: 400;\">Nessuno spazio geopolitico rivela tanto chiaramente lo scarto tra legalit\u00e0 e legittimit\u00e0 quanto il Mediterraneo.<\/span><\/p>\n<p><span style=\"font-weight: 400;\">Le frontiere sono diventate luoghi di <\/span><i><span style=\"font-weight: 400;\">eccezione permanente<\/span><\/i><span style=\"font-weight: 400;\">, dove si sospendono norme internazionali sui salvataggi, si criminalizzano ONG, si esternalizza la gestione dei confini a <\/span><a href=\"https:\/\/sea-watch.org\/it\/report-violenze-nel-mediterraneo\/\"><span style=\"font-weight: 400;\">Stati che non garantiscono diritti fondamentali<\/span><\/a><span style=\"font-weight: 400;\"> e si riattivano logiche neocoloniali sotto forma di accordi economico-securitari. Il Mediterraneo \u00e8 un laboratorio di violazione sistemica del diritto\u2026ma anche un laboratorio di resistenza.<\/span><\/p>\n<p><span style=\"font-weight: 400;\">Le iniziative come la <\/span><a href=\"https:\/\/globalsumudflotilla.org\/about\/\"><i><span style=\"font-weight: 400;\">Global Sumud Flotilla<\/span><\/i><\/a><span style=\"font-weight: 400;\"> non rappresentano deviazioni eccentriche, bens\u00ec sono eredi dirette della grande tradizione dello <\/span><i><span style=\"font-weight: 400;\">ius resistendi<\/span><\/i><span style=\"font-weight: 400;\">: trasformano la solidariet\u00e0 in atto politico, rendono visibile l\u2019insufficienza del diritto quando esso diventa strumento di esclusione e riaffermano il primato della dignit\u00e0 umana sulla ragion di Stato.<\/span><\/p>\n<p><span style=\"font-weight: 400;\">Ma la resistenza non si manifesta solo in mare. L\u2019Italia vive oggi una stagione di attivismo diffuso che reinterpreta in forma civile lo <\/span><i><span style=\"font-weight: 400;\">ius resistendi<\/span><\/i><span style=\"font-weight: 400;\">:\u00a0 giovani che si oppongono alle grandi opere contestando l\u2019uso distorto delle infrastrutture e della discrezionalit\u00e0 decisionale; i movimenti <\/span><a href=\"https:\/\/www.dinamopress.it\/news\/a-bologna-non-e-stato-solo-uno-sfratto\/\"><span style=\"font-weight: 400;\">contro gli sfratti a Bologna<\/span><\/a><span style=\"font-weight: 400;\">, che difendono il diritto all\u2019abitare contro la gentrificazione e la precarizzazione urbana, rendono evidente lo scarto tra legalit\u00e0 formale e giustizia sostanziale; le mobilitazioni climatiche, da Extinction Rebellion alle reti studentesche, denunciano il deficit generato dall\u2019inazione ecologica e rivendicano l\u2019interesse collettivo delle generazioni presenti e future. Sono pratiche che agiscono dentro la legalit\u00e0, ma spesso contro un\u2019interpretazione della legalit\u00e0 funzionale a interessi economici dominanti, e che per questo interrogano il diritto nella sua capacit\u00e0 di proteggere, includere, trasformare.<\/span><\/p>\n<p><span style=\"font-weight: 400;\">Il punto \u00e8 proprio questo:<\/span><i><span style=\"font-weight: 400;\"> legalit\u00e0 non coincide automaticamente con giustizia<\/span><\/i><span style=\"font-weight: 400;\">. La teoria critica del diritto lo ha mostrato con forza, cos\u00ec come le analisi foucaultiane sul potere. Quando la legge diventa strumento di esclusione (nelle politiche emergenzializzate, nella criminalizzazione della solidariet\u00e0, nella normalizzazione della disuguaglianza) il compito democratico \u00e8 impedire che la forma legale si svuoti della sua sostanza etica.<\/span><\/p>\n<p><span style=\"font-weight: 400;\">In questa prospettiva, <\/span><a href=\"https:\/\/www.senato.it\/istituzione\/la-costituzione\/principi-fondamentali\/articolo-2\"><span style=\"font-weight: 400;\">l\u2019art. 2 della Costituzione<\/span><\/a><span style=\"font-weight: 400;\"> italiana assume un rilievo decisivo: non solo \u201c<\/span><i><span style=\"font-weight: 400;\">riconosce e garantisce i diritti inviolabili dell\u2019uomo<\/span><\/i><span style=\"font-weight: 400;\">\u201d, ma \u201c<\/span><i><span style=\"font-weight: 400;\">richiede l\u2019adempimento dei doveri inderogabili di solidariet\u00e0 politica, economica e sociale<\/span><\/i><span style=\"font-weight: 400;\">\u201d.\u00a0 Collocato tra i principi fondamentali, l\u2019articolo non \u00e8 una norma programmatica n\u00e9 un invito morale: \u00e8 un vincolo giuridico, un criterio di interpretazione e di azione politica.<\/span><\/p>\n<p><span style=\"font-weight: 400;\">La solidariet\u00e0, in questa cornice, diventa la forma contemporanea attraverso cui lo <\/span><i><span style=\"font-weight: 400;\">ius resistendi<\/span><\/i><span style=\"font-weight: 400;\"> trova spazio nella democrazia: non come violazione della legalit\u00e0, ma come sua pi\u00f9 alta attuazione quando il diritto rischia di divenire strumento di ingiustizia.<\/span><\/p>\n<p><span style=\"font-weight: 400;\">Le esperienze che animano il Mediterraneo, le citt\u00e0 italiane e le reti transnazionali mostrano che la resistenza civica \u00e8 una dimensione necessaria del costituzionalismo democratico. Esse non codificano un diritto, ma lo incarnano: trasformano un principio non scritto in pratica sociale, in responsabilit\u00e0 collettiva, in custodia attiva della dignit\u00e0 umana.<\/span><\/p>\n<p><span style=\"font-weight: 400;\">Forse non esiste, oggi, un diritto di resistenza formalmente riconosciuto, ma proprio perch\u00e9 non \u00e8 scritto, esso chiede di essere agito: nelle scelte pubbliche, nei gesti quotidiani, nelle pratiche solidaristiche che attraversano il nostro tempo.<\/span><\/p>\n<p><span style=\"font-weight: 400;\">Perch\u00e9 quando la legge abdica alla sua funzione di garanzia e l\u2019ingiustizia si fa norma, la resistenza smette di essere un\u2019eccezione: diventa un dovere.<\/span><\/p>\t\t\t\t\t\t\t\t<\/div>\n\t\t\t\t<\/div>\n\t\t\t\t\t<\/div>\n\t\t\t\t<\/div>\n\t\t<div class=\"elementor-element elementor-element-7da48d6 e-flex e-con-boxed wpr-particle-no wpr-jarallax-no wpr-parallax-no wpr-sticky-section-no e-con e-parent\" data-id=\"7da48d6\" data-element_type=\"container\" data-e-type=\"container\">\n\t\t\t\t\t<div class=\"e-con-inner\">\n\t\t<div class=\"elementor-element elementor-element-aeaa5c7 e-con-full e-flex wpr-particle-no wpr-jarallax-no wpr-parallax-no wpr-sticky-section-no e-con e-child\" data-id=\"aeaa5c7\" data-element_type=\"container\" data-e-type=\"container\">\n\t\t\t\t<div class=\"elementor-element elementor-element-0b065d4 wpr-stt-btn-align-inline elementor-widget elementor-widget-wpr-back-to-top\" data-id=\"0b065d4\" data-element_type=\"widget\" data-e-type=\"widget\" data-widget_type=\"wpr-back-to-top.default\">\n\t\t\t\t<div class=\"elementor-widget-container\">\n\t\t\t\t\t<div class=\"wpr-stt-wrapper\"><div class='wpr-stt-btn' data-settings='{&quot;animation&quot;:&quot;fade&quot;,&quot;animationOffset&quot;:&quot;0&quot;,&quot;animationDuration&quot;:&quot;200&quot;,&quot;fixed&quot;:&quot;inline&quot;,&quot;scrolAnim&quot;:&quot;800&quot;}'><span class=\"wpr-stt-icon\"><svg class=\"e-font-icon-svg e-fas-chevron-up\" viewbox=\"0 0 448 512\" xmlns=\"http:\/\/www.w3.org\/2000\/svg\"><path d=\"M240.971 130.524l194.343 194.343c9.373 9.373 9.373 24.569 0 33.941l-22.667 22.667c-9.357 9.357-24.522 9.375-33.901.04L224 227.495 69.255 381.516c-9.379 9.335-24.544 9.317-33.901-.04l-22.667-22.667c-9.373-9.373-9.373-24.569 0-33.941L207.03 130.525c9.372-9.373 24.568-9.373 33.941-.001z\"><\/path><\/svg><\/span><\/div><\/div>\t\t\t\t<\/div>\n\t\t\t\t<\/div>\n\t\t\t\t<\/div>\n\t\t\t\t\t<\/div>\n\t\t\t\t<\/div>\n\t\t\t\t<\/div>","protected":false},"excerpt":{"rendered":"<p>C\u2019\u00e8 un interrogativo che attraversa il nostro tempo come una faglia: che cosa resta oggi della resistenza come diritto, come dovere, come pratica democratica?<br \/>\nIn un mondo in cui la legalit\u00e0 appare sempre pi\u00f9 esposta alla pressione dell\u2019emergenza, della sicurezza e della performance economica, e in cui determinate aree del globo si configurano come teatro privilegiato della sospensione del diritto, tornare a riflettere sullo ius resistendi non \u00e8 un esercizio accademico, ma un\u2019urgenza politica.<\/p>","protected":false},"author":1,"featured_media":1080,"comment_status":"open","ping_status":"open","sticky":false,"template":"","format":"standard","meta":{"footnotes":""},"categories":[20,18],"tags":[],"class_list":["post-1079","post","type-post","status-publish","format-standard","has-post-thumbnail","hentry","category-mediterranean","category-medvoice"],"_links":{"self":[{"href":"https:\/\/www.youthmed.net\/en\/wp-json\/wp\/v2\/posts\/1079","targetHints":{"allow":["GET"]}}],"collection":[{"href":"https:\/\/www.youthmed.net\/en\/wp-json\/wp\/v2\/posts"}],"about":[{"href":"https:\/\/www.youthmed.net\/en\/wp-json\/wp\/v2\/types\/post"}],"author":[{"embeddable":true,"href":"https:\/\/www.youthmed.net\/en\/wp-json\/wp\/v2\/users\/1"}],"replies":[{"embeddable":true,"href":"https:\/\/www.youthmed.net\/en\/wp-json\/wp\/v2\/comments?post=1079"}],"version-history":[{"count":4,"href":"https:\/\/www.youthmed.net\/en\/wp-json\/wp\/v2\/posts\/1079\/revisions"}],"predecessor-version":[{"id":1084,"href":"https:\/\/www.youthmed.net\/en\/wp-json\/wp\/v2\/posts\/1079\/revisions\/1084"}],"wp:featuredmedia":[{"embeddable":true,"href":"https:\/\/www.youthmed.net\/en\/wp-json\/wp\/v2\/media\/1080"}],"wp:attachment":[{"href":"https:\/\/www.youthmed.net\/en\/wp-json\/wp\/v2\/media?parent=1079"}],"wp:term":[{"taxonomy":"category","embeddable":true,"href":"https:\/\/www.youthmed.net\/en\/wp-json\/wp\/v2\/categories?post=1079"},{"taxonomy":"post_tag","embeddable":true,"href":"https:\/\/www.youthmed.net\/en\/wp-json\/wp\/v2\/tags?post=1079"}],"curies":[{"name":"wp","href":"https:\/\/api.w.org\/{rel}","templated":true}]}}