{"id":1032,"date":"2025-10-22T16:33:00","date_gmt":"2025-10-22T16:33:00","guid":{"rendered":"https:\/\/www.youthmed.net\/?p=1032"},"modified":"2026-03-30T16:48:03","modified_gmt":"2026-03-30T16:48:03","slug":"crisi-ambientale-e-comunita-in-lotta","status":"publish","type":"post","link":"https:\/\/www.youthmed.net\/en\/crisi-ambientale-e-comunita-in-lotta\/","title":{"rendered":"CRISI AMBIENTALE E COMUNITA&#8217; IN LOTTA"},"content":{"rendered":"\t\t<div data-elementor-type=\"wp-post\" data-elementor-id=\"1032\" class=\"elementor elementor-1032\">\n\t\t\t\t<div class=\"elementor-element elementor-element-92a402f e-flex e-con-boxed wpr-particle-no wpr-jarallax-no wpr-parallax-no wpr-sticky-section-no e-con e-parent\" data-id=\"92a402f\" data-element_type=\"container\" data-e-type=\"container\">\n\t\t\t\t\t<div class=\"e-con-inner\">\n\t\t\t\t<div class=\"elementor-element elementor-element-0161e98 elementor-widget elementor-widget-heading\" data-id=\"0161e98\" data-element_type=\"widget\" data-e-type=\"widget\" data-widget_type=\"heading.default\">\n\t\t\t\t<div class=\"elementor-widget-container\">\n\t\t\t\t\t<h1 class=\"elementor-heading-title elementor-size-default\">CRISI AMBIENTALE E COMUNITA' IN LOTTA<\/h1>\t\t\t\t<\/div>\n\t\t\t\t<\/div>\n\t\t\t\t<div class=\"elementor-element elementor-element-b74bb13 elementor-widget elementor-widget-heading\" data-id=\"b74bb13\" data-element_type=\"widget\" data-e-type=\"widget\" data-widget_type=\"heading.default\">\n\t\t\t\t<div class=\"elementor-widget-container\">\n\t\t\t\t\t<h2 class=\"elementor-heading-title elementor-size-default\">Il caso del dissalatore sul fiume Tara a Taranto<\/h2>\t\t\t\t<\/div>\n\t\t\t\t<\/div>\n\t\t\t\t<div class=\"elementor-element elementor-element-41d0950 elementor-widget elementor-widget-text-editor\" data-id=\"41d0950\" data-element_type=\"widget\" data-e-type=\"widget\" data-widget_type=\"text-editor.default\">\n\t\t\t\t<div class=\"elementor-widget-container\">\n\t\t\t\t\t\t\t\t\t<p>Leo Campanelli<\/p>\t\t\t\t\t\t\t\t<\/div>\n\t\t\t\t<\/div>\n\t\t\t\t\t<\/div>\n\t\t\t\t<\/div>\n\t\t<div class=\"elementor-element elementor-element-851ad33 e-flex e-con-boxed wpr-particle-no wpr-jarallax-no wpr-parallax-no wpr-sticky-section-no e-con e-parent\" data-id=\"851ad33\" data-element_type=\"container\" data-e-type=\"container\">\n\t\t\t\t\t<div class=\"e-con-inner\">\n\t\t<div class=\"elementor-element elementor-element-40da5ae e-con-full e-flex wpr-particle-no wpr-jarallax-no wpr-parallax-no wpr-sticky-section-no e-con e-child\" data-id=\"40da5ae\" data-element_type=\"container\" data-e-type=\"container\">\n\t\t\t\t<div class=\"elementor-element elementor-element-9a1edb4 elementor-drop-cap-yes elementor-drop-cap-view-default elementor-widget elementor-widget-text-editor\" data-id=\"9a1edb4\" data-element_type=\"widget\" data-e-type=\"widget\" data-settings=\"{&quot;drop_cap&quot;:&quot;yes&quot;}\" data-widget_type=\"text-editor.default\">\n\t\t\t\t<div class=\"elementor-widget-container\">\n\t\t\t\t\t\t\t\t\t<p data-path-to-node=\"2\">Nel tragitto alienante che va dalla fine di Statte alla <b data-path-to-node=\"2\" data-index-in-node=\"56\">zona industriale di Taranto<\/b> si alternano a breve distanza le varie tappe della via crucis locale, due discariche, l\u2019<b data-path-to-node=\"2\" data-index-in-node=\"172\">ex Ilva<\/b>, l\u2019ombra della raffineria Eni. Nella decadente processione tra i ruderi della promessa tradita del miracolo socioeconomico, uno scorcio azzurro spacca all\u2019improvviso il paesaggio: \u00e8 il <b data-path-to-node=\"2\" data-index-in-node=\"365\">fiume Tara<\/b>, il fiume dei miracoli.<\/p>\n<p data-path-to-node=\"3\">Il fiume che accompagna dagli albori la storia degli insediamenti nel capoluogo ionico finisce cos\u00ec per diventare un\u2019<b data-path-to-node=\"3\" data-index-in-node=\"117\">oasi di resistenza naturale<\/b> allo sfacelo antropico che tutto ha divorato nell\u2019area circostante. La sua importanza viscerale risiede in questo: \u00e8 la bellezza da rivendicare per chi \u00e8 nato all\u2019ombra delle ciminiere, \u00e8 il vanto di una comunit\u00e0 che riafferma la sua essenza oltre l\u2019industria. Queste calme acqua che scorrono da millenni intrecciandosi con miti fondativi, riti religiosi e popolari oggi ritornano preponderanti nel dibattito pubblico perch\u00e9 diventate il cuore di una nuova battaglia, quella contro il <b data-path-to-node=\"3\" data-index-in-node=\"630\">progetto del dissalatore<\/b>, che seguendo la tradizione delle infrastrutture calate a Taranto sar\u00e0 il <b data-path-to-node=\"3\" data-index-in-node=\"729\">pi\u00f9 grande in Italia<\/b>.<\/p>\n<p data-path-to-node=\"3\">L\u2019opera promossa da <b data-path-to-node=\"4\" data-index-in-node=\"20\">Acquedotto Pugliese<\/b>, in parte finanziata con fondi del <b data-path-to-node=\"4\" data-index-in-node=\"75\">PNRR<\/b>, \u00e8 indicata come una delle soluzioni per fronteggiare la <b data-path-to-node=\"4\" data-index-in-node=\"137\">crisi idrica<\/b> imperante ma fin dalla sua presentazione ha sollevato numerosi dubbi di varia natura tra tecnici e popolazione.<\/p>\t\t\t\t\t\t\t\t<\/div>\n\t\t\t\t<\/div>\n\t\t\t\t<\/div>\n\t\t<div class=\"elementor-element elementor-element-7158bbb e-con-full e-flex wpr-particle-no wpr-jarallax-no wpr-parallax-no wpr-sticky-section-no e-con e-child\" data-id=\"7158bbb\" data-element_type=\"container\" data-e-type=\"container\">\n\t\t\t\t<div class=\"elementor-element elementor-element-0df4942 elementor-widget elementor-widget-image\" data-id=\"0df4942\" data-element_type=\"widget\" data-e-type=\"widget\" data-widget_type=\"image.default\">\n\t\t\t\t<div class=\"elementor-widget-container\">\n\t\t\t\t\t\t\t\t\t\t\t\t\t\t\t<img loading=\"lazy\" decoding=\"async\" loading=\"lazy\" width=\"768\" height=\"1024\" src=\"https:\/\/www.youthmed.net\/wp-content\/uploads\/2025\/10\/tara1.jpg\" class=\"attachment-large size-large wp-image-1036\" alt=\"\" srcset=\"https:\/\/www.youthmed.net\/wp-content\/uploads\/2025\/10\/tara1.jpg 768w, https:\/\/www.youthmed.net\/wp-content\/uploads\/2025\/10\/tara1-225x300.jpg 225w, https:\/\/www.youthmed.net\/wp-content\/uploads\/2025\/10\/tara1-9x12.jpg 9w\" sizes=\"auto, (max-width: 768px) 100vw, 768px\" \/>\t\t\t\t\t\t\t\t\t\t\t\t\t\t\t<\/div>\n\t\t\t\t<\/div>\n\t\t\t\t<\/div>\n\t\t\t\t\t<\/div>\n\t\t\t\t<\/div>\n\t\t<div class=\"elementor-element elementor-element-6a10b80 e-flex e-con-boxed wpr-particle-no wpr-jarallax-no wpr-parallax-no wpr-sticky-section-no e-con e-parent\" data-id=\"6a10b80\" data-element_type=\"container\" data-e-type=\"container\">\n\t\t\t\t\t<div class=\"e-con-inner\">\n\t\t\t\t<div class=\"elementor-element elementor-element-5c9fda7 elementor-widget elementor-widget-text-editor\" data-id=\"5c9fda7\" data-element_type=\"widget\" data-e-type=\"widget\" data-widget_type=\"text-editor.default\">\n\t\t\t\t<div class=\"elementor-widget-container\">\n\t\t\t\t\t\t\t\t\t<p data-path-to-node=\"4\">Il <b data-path-to-node=\"4\" data-index-in-node=\"265\">cambiamento climatico<\/b> ha ormai trasformato l\u2019acqua in una risorsa sempre pi\u00f9 scarsa e contesa e se la crisi idrica colpisce tutto il pianeta, \u00e8 nelle regioni del Sud, gi\u00e0 esposte a stress ambientali e sociali, che il fenomeno assume contorni drammatici, specialmente in un\u2019<b data-path-to-node=\"4\" data-index-in-node=\"538\">area SIN<\/b> (Sito di Interesse Nazionale) come quella del tarantino. A fronte dell\u2019emergenza, le politiche passate, spesso miopi o votate alla gestione a breve termine delle risorse presentano oggi un conto salatissimo e il pericolo \u00e8 quello di gettarsi a capofitto in soluzioni sommarie che oltre alla promessa di tamponare il problema senza affrontarlo alla radice, corrano il rischio di mettere in crisi un <b data-path-to-node=\"4\" data-index-in-node=\"945\">ecosistema gi\u00e0 fragile<\/b>.<\/p>\n<p data-path-to-node=\"5\">Le principali opposizioni all\u2019opera risiedono proprio in questo paradosso: non si pu\u00f2 pensare di concepire un\u2019opera per contenere un impatto ambientale se la stessa finisce per generare di nuovi. Costruire un nuovo impianto che attuerebbe un ulteriore <b data-path-to-node=\"5\" data-index-in-node=\"252\">prelievo di 1000l al secondo<\/b> oltre a quelli gi\u00e0 effettuati per uso industriale e per uso agricolo, considerando la precariet\u00e0 del flusso d\u2019acqua di un <b data-path-to-node=\"5\" data-index-in-node=\"403\">fiume di origine carsica<\/b> come il Tara, potrebbe avere un effetto dannoso sull\u2019intero habitat con conseguenze estreme.<\/p>\n<p data-path-to-node=\"6\">Se in parallelo si considera la mole di <b data-path-to-node=\"6\" data-index-in-node=\"40\">perdite d\u2019acqua<\/b> causata delle falle nelle tubature nel sistema idrico pugliese (circa il <b data-path-to-node=\"6\" data-index-in-node=\"129\">30%<\/b>), l\u2019inutilizzo di invasi costruiti e mai attivati (vedi <b data-path-to-node=\"6\" data-index-in-node=\"189\">invaso Pappadai<\/b>) con il conseguente spreco di acqua piovana e il fallace sistema di <b data-path-to-node=\"6\" data-index-in-node=\"273\">recupero di acque reflue<\/b> che non dispone di collegamenti utili alla distribuzione, si fa presto a comprendere perch\u00e9 il progetto abbia attratto forti opposizioni comprese quelle di <b data-path-to-node=\"6\" data-index-in-node=\"454\">Arpa Puglia<\/b> e del <b data-path-to-node=\"6\" data-index-in-node=\"472\">Ministero della Cultura<\/b>.<\/p>\n<p data-path-to-node=\"7\">In questo quadro \u00e8 interessante notare la natura eterogenea della <b data-path-to-node=\"7\" data-index-in-node=\"66\">comunit\u00e0<\/b> che si \u00e8 riunita in opposizione all\u2019opera. La vicenda ha attratto un forte numero di comitati e associazioni ma soprattutto molti <b data-path-to-node=\"7\" data-index-in-node=\"205\">cittadini<\/b> al di fuori delle sigle ambientaliste pi\u00f9 famose del territorio, che in virt\u00f9 del forte attaccamento popolare al Tara hanno sposato la lotta e sono scese in piazza non rivendicando esclusivamente la tutela ambientale ma anche il <b data-path-to-node=\"7\" data-index-in-node=\"444\">diritto delle comunit\u00e0 a partecipare alle decisioni<\/b> prese sul proprio territorio. Tecnici, legali, studenti, lavoratori e creativi continuano mettere a disposizione le proprie competenze facendo pressione sulle istituzioni locali e regionali con dossier, articoli, manifestazioni ed eventi di sensibilizzazione che abbracciano ogni fascia della popolazione. Si tratta di un movimento che stanco dell\u2019inerzia della politica locale, chiede con forza che le comunit\u00e0 non siano pi\u00f9 considerate semplici spettatrici, ma <b data-path-to-node=\"7\" data-index-in-node=\"959\">parte attiva nella progettazione<\/b> sul futuro del territorio.<\/p>\n<p data-path-to-node=\"8\">In un\u2019area vessata da decenni di <b data-path-to-node=\"8\" data-index-in-node=\"33\">imposizioni calate dall\u2019alto<\/b> non si pu\u00f2 ignorare la necessit\u00e0 di generare benessere condiviso, radicato nella storia, nella cultura, nei bisogni reali dei luoghi e di chi li vive. La sfida non riguarda solo il dissalatore, la questione vera \u00e8 come affrontare l\u2019emergenza ambientale senza replicare i meccanismi che l\u2019hanno generata. \u00c8 solo attraverso un <b data-path-to-node=\"8\" data-index-in-node=\"387\">lavoro collettivo e partecipato<\/b> che si possono costruire <b data-path-to-node=\"8\" data-index-in-node=\"444\">soluzioni davvero sostenibili<\/b> che non si mascherino di propaganda green senza interrogarsi sul peso che ogni nuova opera nel territorio possa aggiungere a una storia gi\u00e0 segnata da troppi sacrifici.<\/p>\n<p data-path-to-node=\"9\">Durante il consiglio comunale del 13 Ottobre, in seguito a mesi di manifestazioni, eventi e studi ambientali e legali trasmessi dalla rete di cittadini alle istituzioni, il comune di Taranto si impegna, dopo un lungo silenzio, a fare <b data-path-to-node=\"9\" data-index-in-node=\"234\">ricorso al T.A.R.<\/b> contro il <b data-path-to-node=\"9\" data-index-in-node=\"262\">Provvedimento Autorizzatorio Unico Regionale<\/b> che nonostante le varie falle al suo interno ha dato inizio ai primi lavori del dissalatore.<\/p>\n<p data-path-to-node=\"10\">La lotta della comunit\u00e0 non si \u00e8 mai fermata e continua perch\u00e9 <b data-path-to-node=\"10\" data-index-in-node=\"63\">difendere il Tara \u00e8 difendere l\u2019idea di una terra che resiste<\/b>.<\/p>\n<p>\u00a0<\/p>\n<p><span style=\"font-weight: 400;\">[1] <\/span><i><span style=\"font-weight: 400;\">I siti d\u2019interesse nazionale (SIN<\/span><\/i><span style=\"font-weight: 400;\">) sono porzioni di territorio in cui la quantit\u00e0 e la pericolosit\u00e0 degli inquinanti presenti rende elevato l\u2019impatto sull\u2019ambiente in termini di rischio sanitario ed ecologico, nonch\u00e9 di pregiudizio per i beni culturali ed ambientali<\/span><i><span style=\"font-weight: 400;\">,(Art. 252, comma 1 del D.Lgs. 152\/06 e s.m.i. comunemente indicato come Testo Unico Ambientale, TUA).<\/span><\/i><\/p>\n<p><span style=\"font-weight: 400;\">[2] Lo stato ecologico del fiume Tara, monitorato\u00a0 da Arpa secondo indicatori biologici, chimico-fisici e morfoidrologici \u00e8 definito \u201cscarso\u201d ( seguendo la scala di valutazione 1.elevato ; 2. Buono; 3 sufficiente; 4 scarso; 5. cattivo). Il dato riporta lo stato di salute complessiva dell\u2019ecosistema fluviale che secondo la direttiva\u00a0 2000\/60\/CE DEL PARLAMENTO EUROPEO E DEL CONSIGLIO\u00a0 , dovrebbe tendere al \u201cbuono stato\u201d<\/span><span style=\"font-weight: 400;\">\u00a0<\/span><\/p>\n<p><span style=\"font-weight: 400;\">[3] Sul fiume avviene gi\u00e0\u00a0 da anni un prelievo massiccio destinato da Acque del Sud a fini irrigui e all\u2019exIlva (che oltre a sfruttare le acque del Tara per raffreddare gli impianti, utilizza le acque del fiume Sinni impossessandosi cos\u00ec delle gi\u00e0 esigue fonti d\u2019acqua dolce del territorio)<\/span><\/p>\n<p><span style=\"font-weight: 400;\">[4] <\/span><i><span style=\"font-weight: 400;\">\u2013 Su una media regionale di circa 30% di dispersione idrica, la provincia di Taranto ha il primato negativo in Puglia con perdite fino al 47,7% secondo il XX Rapporto sul servizio idrico integrato, a cura dell\u2019Osservatorio prezzi e tariffe di Cittadinanzattiva<\/span><\/i><\/p>\n<p><span style=\"font-weight: 400;\">[5] La diga del Pappadai\u00a0 a Monteparano (TA) collegata con l\u2019acquedotto del Sinni ,venne ultimata nel 1997 e da allora non \u00e8 mai stata messa in funzione per mancanza di una rete che distribuisse l\u2019acqua raccolta al suo interno.<\/span><\/p>\t\t\t\t\t\t\t\t<\/div>\n\t\t\t\t<\/div>\n\t\t\t\t\t<\/div>\n\t\t\t\t<\/div>\n\t\t<div class=\"elementor-element elementor-element-7da48d6 e-flex e-con-boxed wpr-particle-no wpr-jarallax-no wpr-parallax-no wpr-sticky-section-no e-con e-parent\" data-id=\"7da48d6\" data-element_type=\"container\" data-e-type=\"container\">\n\t\t\t\t\t<div class=\"e-con-inner\">\n\t\t<div class=\"elementor-element elementor-element-aeaa5c7 e-con-full e-flex wpr-particle-no wpr-jarallax-no wpr-parallax-no wpr-sticky-section-no e-con e-child\" data-id=\"aeaa5c7\" data-element_type=\"container\" data-e-type=\"container\">\n\t\t\t\t<div class=\"elementor-element elementor-element-0b065d4 wpr-stt-btn-align-inline elementor-widget elementor-widget-wpr-back-to-top\" data-id=\"0b065d4\" data-element_type=\"widget\" data-e-type=\"widget\" data-widget_type=\"wpr-back-to-top.default\">\n\t\t\t\t<div class=\"elementor-widget-container\">\n\t\t\t\t\t<div class=\"wpr-stt-wrapper\"><div class='wpr-stt-btn' data-settings='{&quot;animation&quot;:&quot;fade&quot;,&quot;animationOffset&quot;:&quot;0&quot;,&quot;animationDuration&quot;:&quot;200&quot;,&quot;fixed&quot;:&quot;inline&quot;,&quot;scrolAnim&quot;:&quot;800&quot;}'><span class=\"wpr-stt-icon\"><svg class=\"e-font-icon-svg e-fas-chevron-up\" viewBox=\"0 0 448 512\" xmlns=\"http:\/\/www.w3.org\/2000\/svg\"><path d=\"M240.971 130.524l194.343 194.343c9.373 9.373 9.373 24.569 0 33.941l-22.667 22.667c-9.357 9.357-24.522 9.375-33.901.04L224 227.495 69.255 381.516c-9.379 9.335-24.544 9.317-33.901-.04l-22.667-22.667c-9.373-9.373-9.373-24.569 0-33.941L207.03 130.525c9.372-9.373 24.568-9.373 33.941-.001z\"><\/path><\/svg><\/span><\/div><\/div>\t\t\t\t<\/div>\n\t\t\t\t<\/div>\n\t\t\t\t<\/div>\n\t\t\t\t\t<\/div>\n\t\t\t\t<\/div>\n\t\t\t\t<\/div>\n\t\t","protected":false},"excerpt":{"rendered":"<p>Nel tragitto alienante che va dalla fine di Statte alla zona industriale di Taranto si alternano a breve distanza le varie tappe della via crucis locale, due discariche, l\u2019ex Ilva, l\u2019ombra della raffineria Eni. Nella decadente processione tra i ruderi della promessa tradita del miracolo socioeconomico, uno scorcio azzurro spacca all\u2019improvviso il paesaggio: \u00e8 il fiume Tara, il fiume dei miracoli.<br \/>\nIl fiume che accompagna dagli albori la storia degli insediamenti nel capoluogo ionico finisce cos\u00ec per diventare un\u2019oasi di resistenza naturale allo sfacelo antropico che tutto ha divorato nell\u2019area circostante. La sua importanza viscerale risiede in questo: \u00e8 la bellezza da rivendicare per chi \u00e8 nato all\u2019ombra delle ciminiere, \u00e8 il vanto di una comunit\u00e0 che riafferma la sua essenza oltre l\u2019industria. Queste calme acqua che scorrono da millenni intrecciandosi con miti fondativi, riti religiosi e popolari oggi ritornano preponderanti nel dibattito pubblico perch\u00e9 diventate il cuore di una nuova battaglia, quella contro il progetto del dissalatore, che seguendo la tradizione delle infrastrutture calate a Taranto sar\u00e0 il pi\u00f9 grande in Italia.<\/p>","protected":false},"author":1,"featured_media":1033,"comment_status":"open","ping_status":"open","sticky":false,"template":"","format":"standard","meta":{"footnotes":""},"categories":[20,18],"tags":[],"class_list":["post-1032","post","type-post","status-publish","format-standard","has-post-thumbnail","hentry","category-mediterranean","category-medvoice"],"_links":{"self":[{"href":"https:\/\/www.youthmed.net\/en\/wp-json\/wp\/v2\/posts\/1032","targetHints":{"allow":["GET"]}}],"collection":[{"href":"https:\/\/www.youthmed.net\/en\/wp-json\/wp\/v2\/posts"}],"about":[{"href":"https:\/\/www.youthmed.net\/en\/wp-json\/wp\/v2\/types\/post"}],"author":[{"embeddable":true,"href":"https:\/\/www.youthmed.net\/en\/wp-json\/wp\/v2\/users\/1"}],"replies":[{"embeddable":true,"href":"https:\/\/www.youthmed.net\/en\/wp-json\/wp\/v2\/comments?post=1032"}],"version-history":[{"count":7,"href":"https:\/\/www.youthmed.net\/en\/wp-json\/wp\/v2\/posts\/1032\/revisions"}],"predecessor-version":[{"id":1042,"href":"https:\/\/www.youthmed.net\/en\/wp-json\/wp\/v2\/posts\/1032\/revisions\/1042"}],"wp:featuredmedia":[{"embeddable":true,"href":"https:\/\/www.youthmed.net\/en\/wp-json\/wp\/v2\/media\/1033"}],"wp:attachment":[{"href":"https:\/\/www.youthmed.net\/en\/wp-json\/wp\/v2\/media?parent=1032"}],"wp:term":[{"taxonomy":"category","embeddable":true,"href":"https:\/\/www.youthmed.net\/en\/wp-json\/wp\/v2\/categories?post=1032"},{"taxonomy":"post_tag","embeddable":true,"href":"https:\/\/www.youthmed.net\/en\/wp-json\/wp\/v2\/tags?post=1032"}],"curies":[{"name":"wp","href":"https:\/\/api.w.org\/{rel}","templated":true}]}}